{"id":6232,"date":"2025-09-14T12:03:41","date_gmt":"2025-09-14T06:33:41","guid":{"rendered":"https:\/\/www.chantier-mag.com\/blog\/television-et-consommation-electrique-quel-impact-sur-la-facture"},"modified":"2025-09-14T12:03:41","modified_gmt":"2025-09-14T06:33:41","slug":"television-et-consommation-electrique-quel-impact-sur-la-facture","status":"publish","type":"post","link":"https:\/\/www.chantier-mag.com\/blog\/television-et-consommation-electrique-quel-impact-sur-la-facture","title":{"rendered":"T\u00e9l\u00e9vision et consommation \u00e9lectrique : quel impact sur la facture ?"},"content":{"rendered":"<p><div>\n<p>En tant que <strong>Chef de chantier<\/strong> sp\u00e9cialis\u00e9 dans les installations \u00e9lectriques, j\u2019ai eu l\u2019opportunit\u00e9 d\u2019observer de pr\u00e8s les diff\u00e9rents facteurs influen\u00e7ant la <strong>consommation \u00e9lectrique<\/strong> des appareils, notamment des <strong>t\u00e9l\u00e9viseurs<\/strong>. Cet appareil, pr\u00e9sent dans presque chaque foyer, joue un r\u00f4le d\u00e9terminant dans l&rsquo;augmentation des factures d&rsquo;\u00e9nergie. Selon l\u2019<strong>Ademe<\/strong>, les foyers fran\u00e7ais poss\u00e8dent en moyenne 99 appareils \u00e9lectriques, et le t\u00e9l\u00e9viseur est l\u2019un des plus \u00e9nergivores.<\/p>\n<p>La consommation \u00e9nerg\u00e9tique d&rsquo;un t\u00e9l\u00e9viseur se quantifie de diff\u00e9rentes mani\u00e8res, en fonction de sa technologie, de sa taille et de son utilisation quotidienne. Par exemple, un t\u00e9l\u00e9viseur LED de 65 pouces peut consommer jusqu&rsquo;\u00e0 208 kWh par an, ce qui se traduit par un co\u00fbt d&rsquo;environ 41,9 euros par an sur les factures d\u2019\u00e9lectricit\u00e9, si l\u2019on se base sur le tarif actuel du kWh. De plus, il faut \u00e9galement prendre en compte la <strong>consommation de veille<\/strong>, souvent n\u00e9glig\u00e9e, qui peut alourdir la facture finale.<\/p>\n<\/div><\/p>\n\n<figure class=\"is-provider-youtube is-type-video wp-block-embed wp-block-embed-youtube wp-embed-aspect-16-9 wp-has-aspect-ratio\"><div class=\"wp-block-embed__wrapper\">\n<iframe title=\"J\u2019ai re\u00e7u une facture EDF \u00e9norme \u26a1\ufe0f\ud83d\ude31\u26a1\ufe0f\" width=\"500\" height=\"281\" src=\"https:\/\/www.youtube.com\/embed\/_FUqInJwzVc?feature=oembed\" frameborder=\"0\" allow=\"accelerometer; autoplay; clipboard-write; encrypted-media; gyroscope; picture-in-picture; web-share\" referrerpolicy=\"strict-origin-when-cross-origin\" allowfullscreen><\/iframe>\n<\/div><\/figure>\n\n<div id=\"ez-toc-container\" class=\"ez-toc-v2_0_82_2 counter-hierarchy ez-toc-counter ez-toc-custom ez-toc-container-direction\">\n<div class=\"ez-toc-title-container\">\n<div class=\"ez-toc-title ez-toc-toggle\" style=\"cursor:pointer\">Sommaire : <\/div>\n<span class=\"ez-toc-title-toggle\"><a href=\"#\" class=\"ez-toc-pull-right ez-toc-btn ez-toc-btn-xs ez-toc-btn-default ez-toc-toggle\" aria-label=\"Toggle Table of Content\"><span class=\"ez-toc-js-icon-con\"><span class=\"\"><span class=\"eztoc-hide\" style=\"display:none;\">Toggle<\/span><span class=\"ez-toc-icon-toggle-span\"><svg style=\"fill: #545454;color:#545454\" xmlns=\"http:\/\/www.w3.org\/2000\/svg\" class=\"list-377408\" width=\"20px\" height=\"20px\" viewBox=\"0 0 24 24\" fill=\"none\"><path d=\"M6 6H4v2h2V6zm14 0H8v2h12V6zM4 11h2v2H4v-2zm16 0H8v2h12v-2zM4 16h2v2H4v-2zm16 0H8v2h12v-2z\" fill=\"currentColor\"><\/path><\/svg><svg style=\"fill: #545454;color:#545454\" class=\"arrow-unsorted-368013\" xmlns=\"http:\/\/www.w3.org\/2000\/svg\" width=\"10px\" height=\"10px\" viewBox=\"0 0 24 24\" version=\"1.2\" baseProfile=\"tiny\"><path d=\"M18.2 9.3l-6.2-6.3-6.2 6.3c-.2.2-.3.4-.3.7s.1.5.3.7c.2.2.4.3.7.3h11c.3 0 .5-.1.7-.3.2-.2.3-.5.3-.7s-.1-.5-.3-.7zM5.8 14.7l6.2 6.3 6.2-6.3c.2-.2.3-.5.3-.7s-.1-.5-.3-.7c-.2-.2-.4-.3-.7-.3h-11c-.3 0-.5.1-.7.3-.2.2-.3.5-.3.7s.1.5.3.7z\"\/><\/svg><\/span><\/span><\/span><\/a><\/span><\/div>\n<nav><ul class='ez-toc-list ez-toc-list-level-1 ' ><li class='ez-toc-page-1 ez-toc-heading-level-2'><a class=\"ez-toc-link ez-toc-heading-1\" href=\"https:\/\/www.chantier-mag.com\/blog\/television-et-consommation-electrique-quel-impact-sur-la-facture\/#Comprendre-la-consommation-electrique-de-votre-televiseur\" >Comprendre la consommation \u00e9lectrique de votre t\u00e9l\u00e9viseur<\/a><\/li><li class='ez-toc-page-1 ez-toc-heading-level-2'><a class=\"ez-toc-link ez-toc-heading-2\" href=\"https:\/\/www.chantier-mag.com\/blog\/television-et-consommation-electrique-quel-impact-sur-la-facture\/#Calculer-la-consommation-electrique-dun-televiseur\" >Calculer la consommation \u00e9lectrique d&rsquo;un t\u00e9l\u00e9viseur<\/a><\/li><li class='ez-toc-page-1 ez-toc-heading-level-2'><a class=\"ez-toc-link ez-toc-heading-3\" href=\"https:\/\/www.chantier-mag.com\/blog\/television-et-consommation-electrique-quel-impact-sur-la-facture\/#Estimer-le-cout-annuel-de-la-consommation-electrique\" >Estimer le co\u00fbt annuel de la consommation \u00e9lectrique<\/a><\/li><li class='ez-toc-page-1 ez-toc-heading-level-2'><a class=\"ez-toc-link ez-toc-heading-4\" href=\"https:\/\/www.chantier-mag.com\/blog\/television-et-consommation-electrique-quel-impact-sur-la-facture\/#Attention-a-la-consommation-de-veille\" >Attention \u00e0 la consommation de veille<\/a><\/li><li class='ez-toc-page-1 ez-toc-heading-level-2'><a class=\"ez-toc-link ez-toc-heading-5\" href=\"https:\/\/www.chantier-mag.com\/blog\/television-et-consommation-electrique-quel-impact-sur-la-facture\/#Choisir-le-bon-televiseur\" >Choisir le bon t\u00e9l\u00e9viseur<\/a><\/li><li class='ez-toc-page-1 ez-toc-heading-level-2'><a class=\"ez-toc-link ez-toc-heading-6\" href=\"https:\/\/www.chantier-mag.com\/blog\/television-et-consommation-electrique-quel-impact-sur-la-facture\/#Pour-aller-plus-loin%E2%80%A6\" >Pour aller plus loin\u2026<\/a><\/li><li class='ez-toc-page-1 ez-toc-heading-level-2'><a class=\"ez-toc-link ez-toc-heading-7\" href=\"https:\/\/www.chantier-mag.com\/blog\/television-et-consommation-electrique-quel-impact-sur-la-facture\/#Limpact-des-televiseurs-sur-vos-factures-delectricite\" >L&rsquo;impact des t\u00e9l\u00e9viseurs sur vos factures d&rsquo;\u00e9lectricit\u00e9<\/a><\/li><\/ul><\/nav><\/div>\n<h2 class=\"wp-block-heading\"><span class=\"ez-toc-section\" id=\"Comprendre-la-consommation-electrique-de-votre-televiseur\"><\/span>Comprendre la consommation \u00e9lectrique de votre t\u00e9l\u00e9viseur<span class=\"ez-toc-section-end\"><\/span><\/h2>\n\n<p>Savez-vous combien d\u2019appareils \u00e9lectriques se cachent chez vous ? La <strong>transition \u00e9cologique<\/strong> nous rappelle que les Fran\u00e7ais estiment poss\u00e9der 34 appareils \u00e9lectriques par foyer, alors qu\u2019ils en ont en r\u00e9alit\u00e9 pr\u00e8s de <strong>99<\/strong> ! Parmi ces \u00e9quipements, le t\u00e9l\u00e9viseur s\u2019av\u00e8re \u00eatre l\u2019un des plus gourmands en \u00e9nergie. Dans cet article, nous allons explorer comment calculer la consommation d\u2019\u00e9nergie de votre TV et comment r\u00e9duire ces co\u00fbts sur vos factures d\u2019\u00e9lectricit\u00e9.<\/p>\n\n<h2 class=\"wp-block-heading\"><span class=\"ez-toc-section\" id=\"Calculer-la-consommation-electrique-dun-televiseur\"><\/span>Calculer la consommation \u00e9lectrique d&rsquo;un t\u00e9l\u00e9viseur<span class=\"ez-toc-section-end\"><\/span><\/h2>\n\n<p>Selon des \u00e9tudes men\u00e9es par <strong>l&rsquo;Ademe<\/strong>, un t\u00e9l\u00e9viseur principal reste g\u00e9n\u00e9ralement allum\u00e9 pour une dur\u00e9e moyenne de 6h46 par jour, entra\u00eenant une consommation d\u2019environ <strong>152 kWh par an<\/strong>. Pour estimer la consommation de votre propre t\u00e9l\u00e9viseur, il vous faut :<\/p>\n\n<ul class=\"wp-block-list\"><li>La puissance du t\u00e9l\u00e9viseur (en watts) ;<\/li><li>Le nombre d\u2019heures d\u2019utilisation par jour ;<\/li><li>Le nombre de jours d\u2019utilisation par an.<\/li><\/ul>\n\n<p>Ensuite, il suffit d\u2019appliquer cette formule : <strong>(puissance en watts x heures d\u2019utilisation x jours d\u2019utilisation) \/ 1000 = kWh consomm\u00e9s par an<\/strong>.<\/p>\n\n<p>\u00c0 titre d\u2019exemple, un t\u00e9l\u00e9viseur LED de 65 pouces, d\u2019une puissance de 130W, utilis\u00e9 5 heures par jour pendant 320 jours dans l\u2019ann\u00e9e consommera : <strong>130 x 5 x 320 \/ 1000 = 208 kWh\/an.<\/strong> Facile, non ? \ud83d\ude0a<\/p>\n\n<h2 class=\"wp-block-heading\"><span class=\"ez-toc-section\" id=\"Estimer-le-cout-annuel-de-la-consommation-electrique\"><\/span>Estimer le co\u00fbt annuel de la consommation \u00e9lectrique<span class=\"ez-toc-section-end\"><\/span><\/h2>\n\n<p>Vous vous interrogez sur le co\u00fbt que cela engendre sur vos factures d\u2019\u00e9nergie ? Simple comme bonjour : multiplier la consommation annuelle en kWh par le prix de l\u2019\u00e9lectricit\u00e9. En partant du tarif r\u00e9glement\u00e9 de 0,2016 \u20ac par kWh, prenons l\u2019exemple pr\u00e9c\u00e9dent :<\/p>\n\n<p><strong>208 kWh\/an x 0,2016 \u20ac = 41,9 euros par an<\/strong> pour votre t\u00e9l\u00e9viseur LED. Voil\u00e0 un bon d\u00e9but pour planifier vos d\u00e9penses ! \ud83d\udca1<\/p>\n\n<h2 class=\"wp-block-heading\"><span class=\"ez-toc-section\" id=\"Attention-a-la-consommation-de-veille\"><\/span>Attention \u00e0 la consommation de veille<span class=\"ez-toc-section-end\"><\/span><\/h2>\n\n<p>La <strong>consommation de veille<\/strong>, souvent ignor\u00e9e, peut alourdir votre facture. Un t\u00e9l\u00e9viseur en veille ou \u00e9teint, mais pas d\u00e9branch\u00e9, peut consommer de l\u2019\u00e9nergie inutile. Pensez \u00e0 d\u00e9brancher vos appareils quand vous ne les utilisez pas. D\u2019ailleurs, une nouvelle r\u00e9glementation sur la consommation de veille entrera en vigueur entre 2025 et 2027, imposant un seuil limit\u00e9 pour plusieurs appareils. Restez inform\u00e9s pour ma\u00eetriser vos co\u00fbts ! \ud83c\udfaf<\/p>\n\n<h2 class=\"wp-block-heading\"><span class=\"ez-toc-section\" id=\"Choisir-le-bon-televiseur\"><\/span>Choisir le bon t\u00e9l\u00e9viseur<span class=\"ez-toc-section-end\"><\/span><\/h2>\n\n<p>Les diff\u00e9rentes technologies de t\u00e9l\u00e9vision influencent \u00e9galement la consommation \u00e9nerg\u00e9tique. Voici les principaux types :<\/p>\n\n<ul class=\"wp-block-list\"><li><strong>T\u00e9l\u00e9viseur OLED<\/strong> : Faible consommation gr\u00e2ce \u00e0 la technologie organique.<\/li><li><strong>T\u00e9l\u00e9viseur QLED<\/strong> : Luminosit\u00e9 optimale, mais consommation raisonnable.<\/li><li><strong>T\u00e9l\u00e9viseur LED<\/strong> : \u00c9nergie limit\u00e9e, id\u00e9al pour les petites factures.<\/li><li><strong>T\u00e9l\u00e9viseur LCD<\/strong> : Plus ancien et g\u00e9n\u00e9ralement plus \u00e9nergivore.<\/li><\/ul>\n\n<p>Pour savoir quelle est la consommation \u00e9lectrique moyenne de votre t\u00e9l\u00e9vision, n&rsquo;h\u00e9sitez pas \u00e0 consulter l&rsquo;<strong>\u00e9tiquette \u00e9nergie<\/strong> qui donne des informations sur sa consommation pour 1000 heures d\u2019utilisation.<\/p>\n\n<h2 class=\"wp-block-heading\"><span class=\"ez-toc-section\" id=\"Pour-aller-plus-loin%E2%80%A6\"><\/span>Pour aller plus loin\u2026<span class=\"ez-toc-section-end\"><\/span><\/h2>\n\n<p>Si vous souhaitez approfondir vos connaissances sur la gestion de l\u2019\u00e9nergie \u00e0 la maison, des articles comme <a href=\"https:\/\/www.chantier-mag.com\/blog\/climatisation-et-chauffage-en-un-seul-appareil-est-ce-un-bon-plan\">Climatisation et chauffage<\/a> ou encore des astuces pour <a href=\"https:\/\/www.chantier-mag.com\/blog\/optimiser-son-chauffage-astuces-pour-reduire-la-consommation\">r\u00e9duire la consommation d&rsquo;\u00e9nergie<\/a> pourraient vous \u00eatre utiles. \ud83d\udd27<\/p>\n\n<figure class=\"wp-block-image size-full\"><img decoding=\"async\" src=\"https:\/\/www.chantier-mag.com\/blog\/wp-content\/uploads\/2025\/09\/impact-electricite-television-1.jpg\" alt=\"d\u00e9couvrez comment l&#039;\u00e9lectricit\u00e9 influence l&#039;utilisation et la consommation de la t\u00e9l\u00e9vision, ainsi que les effets de la t\u00e9l\u00e9vision sur la demande \u00e9nerg\u00e9tique dans notre quotidien.\" class=\"wp-image-6231\" \/><\/figure>\n\n<h2 class=\"wp-block-heading\"><span class=\"ez-toc-section\" id=\"Limpact-des-televiseurs-sur-vos-factures-delectricite\"><\/span>L&rsquo;impact des t\u00e9l\u00e9viseurs sur vos factures d&rsquo;\u00e9lectricit\u00e9<span class=\"ez-toc-section-end\"><\/span><\/h2>\n\n<p>Lorsqu&rsquo;il s&rsquo;agit de surveiller notre consommation \u00e9lectrique, souvent, nous oublions de prendre en compte les appareils qui, bien qu&rsquo;\u00e9tant essentiels dans notre quotidien, peuvent largement gonfler nos factures. Les t\u00e9l\u00e9viseurs, en particulier, m\u00e9ritent une attention particuli\u00e8re. Saviez-vous qu&rsquo;un t\u00e9l\u00e9viseur principal peut consommer jusqu&rsquo;\u00e0 <strong>152 kWh par an<\/strong>, et avec un usage r\u00e9gulier, la consommation peut gravement affecter vos d\u00e9penses mensuelles ?<\/p>\n\n<p>En plus des heures d&rsquo;utilisation quotidienne, la technologie de votre \u00e9cran joue un r\u00f4le cl\u00e9 dans la quantit\u00e9 d&rsquo;\u00e9nergie que vous utilisez. Que vous ayez un <strong>t\u00e9l\u00e9viseur OLED<\/strong>, un <strong>QLED<\/strong>, un <strong>LED<\/strong> ou un <strong>LCD<\/strong>, les diff\u00e9rentes technologies offrent des niveaux de consommation \u00e9lectrique vari\u00e9s. Par exemple, tandis que les mod\u00e8les OLED et QLED tendent \u00e0 \u00eatre plus \u00e9conomes en \u00e9nergie, les t\u00e9l\u00e9viseurs LCD sont souvent les plus gourmands. Cette diversit\u00e9 souligne l&rsquo;importance de faire des choix \u00e9clair\u00e9s avant un achat.<\/p>\n\n<p>Une autre dimension \u00e0 laquelle il faut pr\u00eater attention est la <strong>consommation de veille<\/strong>. Bien que votre t\u00e9l\u00e9viseur soit \u00e9teint, il peut continuer \u00e0 consommer de l&rsquo;\u00e9lectricit\u00e9, ce qui p\u00e8se sur votre facture. Des solutions simples, comme d\u00e9brancher l&rsquo;appareil lorsqu&rsquo;il n&rsquo;est pas utilis\u00e9, peuvent contribuer \u00e0 r\u00e9duire ces co\u00fbts cach\u00e9s.<\/p>\n\n<p>Enfin, en prenant le temps de comprendre la consommation annuelle des appareils et en ajustant vos habitudes d&rsquo;utilisation, il est possible d&rsquo;all\u00e9ger consid\u00e9rablement vos factures d&rsquo;\u00e9nergie. En somme, \u00eatre conscient de notre utilisation quotidienne et des choix technologiques peut mener \u00e0 des \u00e9conomies encourageantes.<\/p>\n\n<figure class=\"wp-block-table\"><table>\n<tr>\n<th>Type de T\u00e9l\u00e9vision<\/th>\n<th>Impact sur la Facture<\/th>\n<\/tr>\n<tr>\n<td>T\u00e9l\u00e9viseur OLED<\/td>\n<td>Consommation faible, id\u00e9ale pour co\u00fbts r\u00e9duits<\/td>\n<\/tr>\n<tr>\n<td>T\u00e9l\u00e9viseur QLED<\/td>\n<td>Consommation mod\u00e9r\u00e9e, bon rapport qualit\u00e9\/prix<\/td>\n<\/tr>\n<tr>\n<td>T\u00e9l\u00e9viseur LED<\/td>\n<td>Consommation raisonnable, adapt\u00e9 aux petits budgets<\/td>\n<\/tr>\n<tr>\n<td>T\u00e9l\u00e9viseur LCD<\/td>\n<td>Consommation \u00e9lev\u00e9e, impact significatif sur factures<\/td>\n<\/tr>\n<tr>\n<td>Smart TV<\/td>\n<td>Consommation additionnelle avec la box internet<\/td>\n<\/tr>\n<tr>\n<td>Conso en veille<\/td>\n<td>Co\u00fbt cach\u00e9, \u00e9vitable en d\u00e9branchant l&rsquo;appareil<\/td>\n<\/tr>\n<tr>\n<td>Dur\u00e9e d&rsquo;utilisation<\/td>\n<td>Impact direct sur le montant final de la facture<\/td>\n<\/tr>\n<tr>\n<td>\u00c9tiquette \u00e9nergie<\/td>\n<td>Indicateur utile pour \u00e9valuer la consommation<\/td>\n<\/tr>\n<\/table><\/figure>\n\n","protected":false},"excerpt":{"rendered":"<p>En tant que Chef de chantier sp\u00e9cialis\u00e9 dans les installations \u00e9lectriques, j\u2019ai eu l\u2019opportunit\u00e9 d\u2019observer de pr\u00e8s les diff\u00e9rents facteurs [&hellip;]<\/p>\n","protected":false},"author":7,"featured_media":6230,"comment_status":"open","ping_status":"close","sticky":false,"template":"","format":"standard","meta":{"site-sidebar-layout":"default","site-content-layout":"","ast-site-content-layout":"default","site-content-style":"default","site-sidebar-style":"default","ast-global-header-display":"","ast-banner-title-visibility":"","ast-main-header-display":"","ast-hfb-above-header-display":"","ast-hfb-below-header-display":"","ast-hfb-mobile-header-display":"","site-post-title":"","ast-breadcrumbs-content":"","ast-featured-img":"","footer-sml-layout":"","ast-disable-related-posts":"","theme-transparent-header-meta":"","adv-header-id-meta":"","stick-header-meta":"","header-above-stick-meta":"","header-main-stick-meta":"","header-below-stick-meta":"","astra-migrate-meta-layouts":"default","ast-page-background-enabled":"default","ast-page-background-meta":{"desktop":{"background-color":"var(--ast-global-color-4)","background-image":"","background-repeat":"repeat","background-position":"center center","background-size":"auto","background-attachment":"scroll","background-type":"","background-media":"","overlay-type":"","overlay-color":"","overlay-opacity":"","overlay-gradient":""},"tablet":{"background-color":"","background-image":"","background-repeat":"repeat","background-position":"center center","background-size":"auto","background-attachment":"scroll","background-type":"","background-media":"","overlay-type":"","overlay-color":"","overlay-opacity":"","overlay-gradient":""},"mobile":{"background-color":"","background-image":"","background-repeat":"repeat","background-position":"center center","background-size":"auto","background-attachment":"scroll","background-type":"","background-media":"","overlay-type":"","overlay-color":"","overlay-opacity":"","overlay-gradient":""}},"ast-content-background-meta":{"desktop":{"background-color":"var(--ast-global-color-5)","background-image":"","background-repeat":"repeat","background-position":"center center","background-size":"auto","background-attachment":"scroll","background-type":"","background-media":"","overlay-type":"","overlay-color":"","overlay-opacity":"","overlay-gradient":""},"tablet":{"background-color":"var(--ast-global-color-5)","background-image":"","background-repeat":"repeat","background-position":"center center","background-size":"auto","background-attachment":"scroll","background-type":"","background-media":"","overlay-type":"","overlay-color":"","overlay-opacity":"","overlay-gradient":""},"mobile":{"background-color":"var(--ast-global-color-5)","background-image":"","background-repeat":"repeat","background-position":"center center","background-size":"auto","background-attachment":"scroll","background-type":"","background-media":"","overlay-type":"","overlay-color":"","overlay-opacity":"","overlay-gradient":""}},"footnotes":""},"categories":[1537],"tags":[],"class_list":["post-6232","post","type-post","status-publish","format-standard","has-post-thumbnail","hentry","category-energie-puissance"],"_links":{"self":[{"href":"https:\/\/www.chantier-mag.com\/blog\/wp-json\/wp\/v2\/posts\/6232","targetHints":{"allow":["GET"]}}],"collection":[{"href":"https:\/\/www.chantier-mag.com\/blog\/wp-json\/wp\/v2\/posts"}],"about":[{"href":"https:\/\/www.chantier-mag.com\/blog\/wp-json\/wp\/v2\/types\/post"}],"author":[{"embeddable":true,"href":"https:\/\/www.chantier-mag.com\/blog\/wp-json\/wp\/v2\/users\/7"}],"replies":[{"embeddable":true,"href":"https:\/\/www.chantier-mag.com\/blog\/wp-json\/wp\/v2\/comments?post=6232"}],"version-history":[{"count":0,"href":"https:\/\/www.chantier-mag.com\/blog\/wp-json\/wp\/v2\/posts\/6232\/revisions"}],"wp:featuredmedia":[{"embeddable":true,"href":"https:\/\/www.chantier-mag.com\/blog\/wp-json\/wp\/v2\/media\/6230"}],"wp:attachment":[{"href":"https:\/\/www.chantier-mag.com\/blog\/wp-json\/wp\/v2\/media?parent=6232"}],"wp:term":[{"taxonomy":"category","embeddable":true,"href":"https:\/\/www.chantier-mag.com\/blog\/wp-json\/wp\/v2\/categories?post=6232"},{"taxonomy":"post_tag","embeddable":true,"href":"https:\/\/www.chantier-mag.com\/blog\/wp-json\/wp\/v2\/tags?post=6232"}],"curies":[{"name":"wp","href":"https:\/\/api.w.org\/{rel}","templated":true}]}}