{"id":6300,"date":"2025-10-19T12:08:24","date_gmt":"2025-10-19T06:38:24","guid":{"rendered":"https:\/\/www.chantier-mag.com\/blog\/electricite-des-communs-qui-paye-quoi-en-copropriete"},"modified":"2025-10-19T12:08:24","modified_gmt":"2025-10-19T06:38:24","slug":"electricite-des-communs-qui-paye-quoi-en-copropriete","status":"publish","type":"post","link":"https:\/\/www.chantier-mag.com\/blog\/electricite-des-communs-qui-paye-quoi-en-copropriete","title":{"rendered":"\u00c9lectricit\u00e9 des communs : qui paye quoi en copropri\u00e9t\u00e9 ?"},"content":{"rendered":"<h1 class=\"wp-block-heading\">\u00c9lectricit\u00e9 des communs : qui paye quoi en copropri\u00e9t\u00e9 ?<\/h1>\n\n<p>La gestion de l&rsquo;<strong>\u00e9lectricit\u00e9 des communs<\/strong> dans une copropri\u00e9t\u00e9 soul\u00e8ve souvent des questions sur les responsabilit\u00e9s financi\u00e8res de chaque copropri\u00e9taire. Un <strong>compteur g\u00e9n\u00e9ral<\/strong>, repr\u00e9sentant les <strong>parties communes<\/strong>, alimente l&rsquo;ensemble de l&rsquo;immeuble, et les frais li\u00e9s \u00e0 son fonctionnement sont r\u00e9partis entre tous les copropri\u00e9taires selon les crit\u00e8res du <strong>r\u00e8glement de copropri\u00e9t\u00e9<\/strong>. En revanche, les <strong>compteurs individuels<\/strong>, qui mesurent la consommation sp\u00e9cifique de chaque logement, incombent \u00e0 chaque propri\u00e9taire pour leur entretien et leurs frais.<\/p>\n\n<p>Fort d&rsquo;une exp\u00e9rience dans la gestion des <strong>installations \u00e9lectriques<\/strong>, il m&rsquo;a paru \u00e9vident de clarifier ces enjeux afin d&rsquo;\u00e9viter d&rsquo;\u00e9ventuels malentendus et litiges. La compr\u00e9hension des <strong>charges \u00e9nerg\u00e9tiques<\/strong> et des l\u00e9gislations en mati\u00e8re de copropri\u00e9t\u00e9 est essentielle pour garantir une administration efficace et sereine des lieux de vie communs.<\/p>\n\n<figure class=\"is-provider-youtube is-type-video wp-block-embed wp-block-embed-youtube wp-embed-aspect-16-9 wp-has-aspect-ratio\"><div class=\"wp-block-embed__wrapper\">\n<iframe title=\"Copropri\u00e9t\u00e9 et parties communes sp\u00e9ciales\" width=\"500\" height=\"281\" src=\"https:\/\/www.youtube.com\/embed\/4v5OAa7Yuc4?feature=oembed\" frameborder=\"0\" allow=\"accelerometer; autoplay; clipboard-write; encrypted-media; gyroscope; picture-in-picture; web-share\" referrerpolicy=\"strict-origin-when-cross-origin\" allowfullscreen><\/iframe>\n<\/div><\/figure>\n\n<p>\u00ab\u00a0`html\n<\/p>\n\n<div id=\"ez-toc-container\" class=\"ez-toc-v2_0_82_2 counter-hierarchy ez-toc-counter ez-toc-custom ez-toc-container-direction\">\n<div class=\"ez-toc-title-container\">\n<div class=\"ez-toc-title ez-toc-toggle\" style=\"cursor:pointer\">Sommaire : <\/div>\n<span class=\"ez-toc-title-toggle\"><a href=\"#\" class=\"ez-toc-pull-right ez-toc-btn ez-toc-btn-xs ez-toc-btn-default ez-toc-toggle\" aria-label=\"Toggle Table of Content\"><span class=\"ez-toc-js-icon-con\"><span class=\"\"><span class=\"eztoc-hide\" style=\"display:none;\">Toggle<\/span><span class=\"ez-toc-icon-toggle-span\"><svg style=\"fill: #545454;color:#545454\" xmlns=\"http:\/\/www.w3.org\/2000\/svg\" class=\"list-377408\" width=\"20px\" height=\"20px\" viewBox=\"0 0 24 24\" fill=\"none\"><path d=\"M6 6H4v2h2V6zm14 0H8v2h12V6zM4 11h2v2H4v-2zm16 0H8v2h12v-2zM4 16h2v2H4v-2zm16 0H8v2h12v-2z\" fill=\"currentColor\"><\/path><\/svg><svg style=\"fill: #545454;color:#545454\" class=\"arrow-unsorted-368013\" xmlns=\"http:\/\/www.w3.org\/2000\/svg\" width=\"10px\" height=\"10px\" viewBox=\"0 0 24 24\" version=\"1.2\" baseProfile=\"tiny\"><path d=\"M18.2 9.3l-6.2-6.3-6.2 6.3c-.2.2-.3.4-.3.7s.1.5.3.7c.2.2.4.3.7.3h11c.3 0 .5-.1.7-.3.2-.2.3-.5.3-.7s-.1-.5-.3-.7zM5.8 14.7l6.2 6.3 6.2-6.3c.2-.2.3-.5.3-.7s-.1-.5-.3-.7c-.2-.2-.4-.3-.7-.3h-11c-.3 0-.5.1-.7.3-.2.2-.3.5-.3.7s.1.5.3.7z\"\/><\/svg><\/span><\/span><\/span><\/a><\/span><\/div>\n<nav><ul class='ez-toc-list ez-toc-list-level-1 ' ><li class='ez-toc-page-1 ez-toc-heading-level-2'><a class=\"ez-toc-link ez-toc-heading-1\" href=\"https:\/\/www.chantier-mag.com\/blog\/electricite-des-communs-qui-paye-quoi-en-copropriete\/#Comprendre-les-compteurs-electriques-en-copropriete\" >Comprendre les compteurs \u00e9lectriques en copropri\u00e9t\u00e9<\/a><\/li><li class='ez-toc-page-1 ez-toc-heading-level-2'><a class=\"ez-toc-link ez-toc-heading-2\" href=\"https:\/\/www.chantier-mag.com\/blog\/electricite-des-communs-qui-paye-quoi-en-copropriete\/#Definitions-legales-partie-commune-vs-partie-privee\" >D\u00e9finitions l\u00e9gales : partie commune vs. partie priv\u00e9e<\/a><\/li><li class='ez-toc-page-1 ez-toc-heading-level-2'><a class=\"ez-toc-link ez-toc-heading-3\" href=\"https:\/\/www.chantier-mag.com\/blog\/electricite-des-communs-qui-paye-quoi-en-copropriete\/#Parties-communes-definition-et-exemples\" >Parties communes : d\u00e9finition et exemples<\/a><\/li><li class='ez-toc-page-1 ez-toc-heading-level-2'><a class=\"ez-toc-link ez-toc-heading-4\" href=\"https:\/\/www.chantier-mag.com\/blog\/electricite-des-communs-qui-paye-quoi-en-copropriete\/#Parties-privatives-definition-et-responsabilites\" >Parties privatives : d\u00e9finition et responsabilit\u00e9s<\/a><\/li><li class='ez-toc-page-1 ez-toc-heading-level-2'><a class=\"ez-toc-link ez-toc-heading-5\" href=\"https:\/\/www.chantier-mag.com\/blog\/electricite-des-communs-qui-paye-quoi-en-copropriete\/#Le-role-preponderant-du-syndic-de-copropriete\" >Le r\u00f4le pr\u00e9pond\u00e9rant du syndic de copropri\u00e9t\u00e9<\/a><\/li><li class='ez-toc-page-1 ez-toc-heading-level-2'><a class=\"ez-toc-link ez-toc-heading-6\" href=\"https:\/\/www.chantier-mag.com\/blog\/electricite-des-communs-qui-paye-quoi-en-copropriete\/#Les-differents-types-de-compteurs-electriques\" >Les diff\u00e9rents types de compteurs \u00e9lectriques<\/a><\/li><li class='ez-toc-page-1 ez-toc-heading-level-2'><a class=\"ez-toc-link ez-toc-heading-7\" href=\"https:\/\/www.chantier-mag.com\/blog\/electricite-des-communs-qui-paye-quoi-en-copropriete\/#Exemples-concrets-et-cas-pratiques\" >Exemples concrets et cas pratiques<\/a><\/li><li class='ez-toc-page-1 ez-toc-heading-level-2'><a class=\"ez-toc-link ez-toc-heading-8\" href=\"https:\/\/www.chantier-mag.com\/blog\/electricite-des-communs-qui-paye-quoi-en-copropriete\/#Repartition-des-charges-un-point-sensible\" >R\u00e9partition des charges : un point sensible<\/a><\/li><li class='ez-toc-page-1 ez-toc-heading-level-2'><a class=\"ez-toc-link ez-toc-heading-9\" href=\"https:\/\/www.chantier-mag.com\/blog\/electricite-des-communs-qui-paye-quoi-en-copropriete\/#Litiges-frequents-et-solutions\" >Litiges fr\u00e9quents et solutions<\/a><\/li><li class='ez-toc-page-1 ez-toc-heading-level-2'><a class=\"ez-toc-link ez-toc-heading-10\" href=\"https:\/\/www.chantier-mag.com\/blog\/electricite-des-communs-qui-paye-quoi-en-copropriete\/#Conseils-pratiques-et-recommandations\" >Conseils pratiques et recommandations<\/a><\/li><li class='ez-toc-page-1 ez-toc-heading-level-2'><a class=\"ez-toc-link ez-toc-heading-11\" href=\"https:\/\/www.chantier-mag.com\/blog\/electricite-des-communs-qui-paye-quoi-en-copropriete\/#Repartition-des-charges-electriques-en-copropriete-clarifications-necessaires\" >R\u00e9partition des charges \u00e9lectriques en copropri\u00e9t\u00e9 : clarifications n\u00e9cessaires<\/a><\/li><li class='ez-toc-page-1 ez-toc-heading-level-2'><a class=\"ez-toc-link ez-toc-heading-12\" href=\"https:\/\/www.chantier-mag.com\/blog\/electricite-des-communs-qui-paye-quoi-en-copropriete\/#Electricite-des-communs-qui-paye-quoi-en-copropriete\" >\u00c9lectricit\u00e9 des communs : qui paye quoi en copropri\u00e9t\u00e9 ?<\/a><\/li><\/ul><\/nav><\/div>\n<h2 class=\"wp-block-heading\"><span class=\"ez-toc-section\" id=\"Comprendre-les-compteurs-electriques-en-copropriete\"><\/span>Comprendre les compteurs \u00e9lectriques en copropri\u00e9t\u00e9<span class=\"ez-toc-section-end\"><\/span><\/h2>\n\n<p>Les <strong>co\u00fbts \u00e9nerg\u00e9tiques<\/strong> ne cessent d&rsquo;augmenter, tout comme les litiges li\u00e9s aux facturations d\u2019\u00e9lectricit\u00e9 en copropri\u00e9t\u00e9. Pour \u00e9viter les malentendus et g\u00e9rer efficacement ces enjeux, il est essentiel d\u2019explorer le statut juridique des <strong>compteurs \u00e9lectriques<\/strong>. Saviez-vous qu\u2019environ <strong>20%<\/strong> des conflits en copropri\u00e9t\u00e9 portent sur des questions relatives aux charges, avec l\u2019\u00e9lectricit\u00e9 en premi\u00e8re ligne ?<\/p>\n\n<h2 class=\"wp-block-heading\"><span class=\"ez-toc-section\" id=\"Definitions-legales-partie-commune-vs-partie-privee\"><\/span>D\u00e9finitions l\u00e9gales : partie commune vs. partie priv\u00e9e<span class=\"ez-toc-section-end\"><\/span><\/h2>\n\n<p>Avant d&rsquo;entrer dans les d\u00e9tails, rappelons les <strong>d\u00e9finitions l\u00e9gales<\/strong> selon le d\u00e9cret n\u00b067-223 du 23 mars 1967. Les <strong>parties communes<\/strong> sont n\u00e9cessaires \u00e0 l\u2019usage des <strong>parties privatives<\/strong>. En clair, ce qui est vital pour le bien-\u00eatre de l&rsquo;immeuble et de ses occupants.<\/p>\n\n<h2 class=\"wp-block-heading\"><span class=\"ez-toc-section\" id=\"Parties-communes-definition-et-exemples\"><\/span>Parties communes : d\u00e9finition et exemples<span class=\"ez-toc-section-end\"><\/span><\/h2>\n\n<p>Les parties communes incluent les <strong>fondations<\/strong>, les <strong>murs porteurs<\/strong>, la <strong>toiture<\/strong>, et plus important encore, l\u2019<strong>installation \u00e9lectrique g\u00e9n\u00e9rale<\/strong>. Pensez au <strong>tableau \u00e9lectrique principal<\/strong> et au <strong>compteur d\u2019alimentation g\u00e9n\u00e9rale<\/strong> ! Pour un immeuble de dix logements, l&rsquo;entretien de ce tableau peut co\u00fbter en moyenne <strong>300\u20ac par an<\/strong>. Une somme \u00e0 budgetiser, n\u2019est-ce pas ?<\/p>\n\n<h2 class=\"wp-block-heading\"><span class=\"ez-toc-section\" id=\"Parties-privatives-definition-et-responsabilites\"><\/span>Parties privatives : d\u00e9finition et responsabilit\u00e9s<span class=\"ez-toc-section-end\"><\/span><\/h2>\n\n<p>Concernant les <strong>parties privatives<\/strong>, celles-ci comprennent toutes les installations \u00e9lectriques internes \u00e0 chaque logement, \u00e0 partir du <strong>disjoncteur individuel<\/strong>. En cas de panne, le <strong>copropri\u00e9taire<\/strong> est le responsable. Pas de panique si un vice cach\u00e9 est en cause ; il suffit d&rsquo;en informer le <strong>syndic<\/strong> !<\/p>\n\n<h2 class=\"wp-block-heading\"><span class=\"ez-toc-section\" id=\"Le-role-preponderant-du-syndic-de-copropriete\"><\/span>Le r\u00f4le pr\u00e9pond\u00e9rant du syndic de copropri\u00e9t\u00e9<span class=\"ez-toc-section-end\"><\/span><\/h2>\n\n<p>Le <strong>syndic<\/strong> est essentiel pour g\u00e9rer les installations collectives. Il s&rsquo;occupe de tout : souscription des contrats d\u2019\u00e9nergie, supervision de la <strong>maintenance<\/strong>, gestion des litiges&#8230; En moyenne, un syndic supervise <strong>7 contrats<\/strong> d\u2019\u00e9nergie pour des immeubles de 20 logements. Un audit \u00e9lectrique tous les <strong>5 \u00e0 10 ans<\/strong> est recommandable afin d\u2019assurer la conformit\u00e9.<\/p>\n\n<h2 class=\"wp-block-heading\"><span class=\"ez-toc-section\" id=\"Les-differents-types-de-compteurs-electriques\"><\/span>Les diff\u00e9rents types de compteurs \u00e9lectriques<span class=\"ez-toc-section-end\"><\/span><\/h2>\n\n<p>Distinguer les diff\u00e9rents <strong>types de compteurs<\/strong> est crucial pour \u00e9viter les conflits. Voici un aper\u00e7u :<\/p>\n\n<ul class=\"wp-block-list\"><li><strong>Compteurs individuels<\/strong> : Ces compteurs mesurent l\u2019\u00e9lectricit\u00e9 de chaque logement. La responsabilit\u00e9 de l\u2019entretien revient au copropri\u00e9taire, y compris les frais d\u2019intervention en cas de panne.<\/li><li><strong>Compteurs collectifs<\/strong> : Ceux-ci mesurent l\u2019\u00e9lectricit\u00e9 pour les parties communes. Leur co\u00fbt de <strong>maintenance<\/strong> est partag\u00e9 entre les copropri\u00e9taires.<\/li><li><strong>Compteurs mixtes<\/strong> : Une combinaison de cat\u00e9gories. Attention \u00e0 la lecture des r\u00e8glements pour \u00e9viter les malentendus !<\/li><\/ul>\n\n<h2 class=\"wp-block-heading\"><span class=\"ez-toc-section\" id=\"Exemples-concrets-et-cas-pratiques\"><\/span>Exemples concrets et cas pratiques<span class=\"ez-toc-section-end\"><\/span><\/h2>\n\n<p>Imaginons un <strong>immeuble ancien<\/strong>, aux installations parfois archa\u00efques et mal d\u00e9finies. Cela peut rapidement mener \u00e0 des d\u00e9saccords. \u00c0 l&rsquo;inverse, un <strong>immeuble r\u00e9cent<\/strong> avec des installations modernes et mieux organis\u00e9es simplifie la gestion.<\/p>\n\n<h2 class=\"wp-block-heading\"><span class=\"ez-toc-section\" id=\"Repartition-des-charges-un-point-sensible\"><\/span>R\u00e9partition des charges : un point sensible<span class=\"ez-toc-section-end\"><\/span><\/h2>\n\n<p>La r\u00e9partition des charges constitue un <strong>enjeu majeur<\/strong>. Pour un <strong>compteur individuel<\/strong> en panne, le copropri\u00e9taire devra prendre en charge les r\u00e9parations. Pour une panne du compteur collectif, les frais seront r\u00e9partis entre tous. Suivre le <strong>r\u00e8glement de copropri\u00e9t\u00e9<\/strong> est donc un imp\u00e9ratif !<\/p>\n\n<h2 class=\"wp-block-heading\"><span class=\"ez-toc-section\" id=\"Litiges-frequents-et-solutions\"><\/span>Litiges fr\u00e9quents et solutions<span class=\"ez-toc-section-end\"><\/span><\/h2>\n\n<p>Les litiges ne manquent pas, souvent li\u00e9s \u00e0 la <strong>surfacturation<\/strong> ou aux <strong>pannes<\/strong>. En cas de conflit, l\u2019intervention d\u2019un expert peut s\u2019av\u00e9rer n\u00e9cessaire. N&rsquo;oubliez pas que <strong>75%<\/strong> des litiges li\u00e9s \u00e0 l&rsquo;\u00e9lectricit\u00e9 se r\u00e8glent par une lecture attentive des r\u00e8glements.<\/p>\n\n<h2 class=\"wp-block-heading\"><span class=\"ez-toc-section\" id=\"Conseils-pratiques-et-recommandations\"><\/span>Conseils pratiques et recommandations<span class=\"ez-toc-section-end\"><\/span><\/h2>\n\n<p>Pour \u00e9viter les soucis et optimiser la gestion de l\u2019\u00e9lectricit\u00e9 dans votre copropri\u00e9t\u00e9, retenez ces <strong>conseils pratiques<\/strong> :<\/p>\n\n<ul class=\"wp-block-list\"><li>Lisez le r\u00e8glement de copropri\u00e9t\u00e9.<\/li><li>Surveillez votre consommation et signalez toute anomalie.<\/li><li>Participez aux assembl\u00e9es g\u00e9n\u00e9rales.<\/li><li>Pensez \u00e0 l&rsquo;installation de compteurs communicants.<\/li><li>Pr\u00e9voyez un entretien r\u00e9gulier des installations \u00e9lectriques communes.<\/li><\/ul>\n\n<p>En gardant ces points en t\u00eate, la gestion de vos compteurs \u00e9lectriques ne sera plus une source de stress, mais un <strong>levier d&rsquo;optimisation<\/strong> pour votre copropri\u00e9t\u00e9. Am\u00e9liorez votre quotidien \u00e9lectrique et \u00e9vitez les conflits inutiles ! \u26a1\ufe0f<\/p>\n\n<p>Pour approfondir vos connaissances sur le sujet, n\u2019h\u00e9sitez pas \u00e0 lire notre article sur <a href=\"https:\/\/www.chantier-mag.com\/blog\/chauffage-individuel-ou-collectif-quel-est-le-meilleur-choix\">le choix entre chauffage individuel ou collectif<\/a>.<\/p>\n\n<figure class=\"wp-block-image size-full\"><img fetchpriority=\"high\" decoding=\"async\" width=\"1280\" height=\"956\" src=\"https:\/\/www.chantier-mag.com\/blog\/wp-content\/uploads\/2025\/10\/electricite-copropriete-1.jpg\" alt=\"d\u00e9couvrez tout ce qu&#039;il faut savoir sur l&#039;\u00e9lectricit\u00e9 en copropri\u00e9t\u00e9 : gestion, r\u00e9partition des charges, normes et conseils pour optimiser la consommation \u00e9nerg\u00e9tique de votre immeuble.\" class=\"wp-image-6299\" srcset=\"https:\/\/www.chantier-mag.com\/blog\/wp-content\/uploads\/2025\/10\/electricite-copropriete-1.jpg 1280w, https:\/\/www.chantier-mag.com\/blog\/wp-content\/uploads\/2025\/10\/electricite-copropriete-1-964x720.jpg 964w, https:\/\/www.chantier-mag.com\/blog\/wp-content\/uploads\/2025\/10\/electricite-copropriete-1-768x574.jpg 768w\" sizes=\"(max-width: 1280px) 100vw, 1280px\" \/><\/figure>\n\n<h2 class=\"wp-block-heading\"><span class=\"ez-toc-section\" id=\"Repartition-des-charges-electriques-en-copropriete-clarifications-necessaires\"><\/span>R\u00e9partition des charges \u00e9lectriques en copropri\u00e9t\u00e9 : clarifications n\u00e9cessaires<span class=\"ez-toc-section-end\"><\/span><\/h2>\n\n<p>La gestion des installations \u00e9lectriques dans un immeuble en copropri\u00e9t\u00e9 demeure un sujet d\u00e9licat et souvent source de conflit. Chaque copropri\u00e9taire est en droit de s&rsquo;interroger sur qui est responsable des diff\u00e9rentes d\u00e9penses li\u00e9es \u00e0 l&rsquo;\u00e9lectricit\u00e9. En g\u00e9n\u00e9ral, la compr\u00e9hension des statuts juridiques des <strong>compteurs<\/strong> est primordiale pour \u00e9viter des litiges inutiles.<\/p>\n\n<p>Les <strong>compteurs individuels<\/strong> sont clairement des parties privatives, ce qui signifie que leur entretien et leur r\u00e9paration incombent directement aux copropri\u00e9taires. Ainsi, en cas de panne, il est essentiel pour le copropri\u00e9taire concern\u00e9 de faire appel \u00e0 un professionnel \u00e0 ses frais. De l\u2019autre c\u00f4t\u00e9, le <strong>compteur g\u00e9n\u00e9ral<\/strong>, servant tout l\u2019immeuble, est consid\u00e9r\u00e9 comme une partie commune. Les co\u00fbts de maintenance de ce compteur sont partag\u00e9s entre les copropri\u00e9taires, permettant ainsi de mutualiser les d\u00e9penses.<\/p>\n\n<p>Les situations peuvent se compliquer lorsque des <strong>compteurs mixtes<\/strong> sont en place, n\u00e9cessitant une vigilance accrue lors de la gestion des charges. Pour pr\u00e9venir les conflits, il est indispensable que les r\u00e8gles soient clairement \u00e9nonc\u00e9es dans le r\u00e8glement de copropri\u00e9t\u00e9. Une communication fluide entre le syndic et les copropri\u00e9taires permettra non seulement d&rsquo;\u00e9viter les frustrations, mais aussi d\u2019assurer un climat harmonieux au sein de la copropri\u00e9t\u00e9.<\/p>\n\n<p>De plus, envisager l\u2019impl\u00e9mentation de <strong>compteurs communicants<\/strong> pourrait offrir une transparence accrue sur la consommation, rendant ainsi la gestion des charges encore plus efficace. En somme, comprendre son r\u00f4le et ses responsabilit\u00e9s au sein de la copropri\u00e9t\u00e9 en mati\u00e8re d\u2019\u00e9lectricit\u00e9 est essentiel pour garantir une cohabitation sereine et \u00e9viter les conflits li\u00e9s aux frais d\u2019\u00e9lectricit\u00e9.<\/p>\n\n<h2 class=\"wp-block-heading\"><span class=\"ez-toc-section\" id=\"Electricite-des-communs-qui-paye-quoi-en-copropriete\"><\/span>\u00c9lectricit\u00e9 des communs : qui paye quoi en copropri\u00e9t\u00e9 ?<span class=\"ez-toc-section-end\"><\/span><\/h2>\n\n<figure class=\"wp-block-table\"><table>\n<tr>\n<th>Type de Compteur<\/th>\n<th>Responsabilit\u00e9 de Paiement<\/th>\n<\/tr>\n<tr>\n<td>Compteur G\u00e9n\u00e9ral<\/td>\n<td>Copropri\u00e9t\u00e9 finance les co\u00fbts via les charges communes.<\/td>\n<\/tr>\n<tr>\n<td>Compteur Individuel<\/td>\n<td>Copropri\u00e9taire \u00e0 la charge de l&rsquo;entretien et des r\u00e9parations.<\/td>\n<\/tr>\n<tr>\n<td>\u00c9clairage des Parties Communes<\/td>\n<td>Copropri\u00e9t\u00e9 couvre les co\u00fbts d&rsquo;\u00e9lectricit\u00e9.<\/td>\n<\/tr>\n<tr>\n<td>Ascenseurs<\/td>\n<td>Copropri\u00e9t\u00e9 prend en charge les frais d&rsquo;\u00e9lectricit\u00e9 et d&rsquo;entretien.<\/td>\n<\/tr>\n<tr>\n<td>Compteurs Mixtes<\/td>\n<td>V\u00e9rification des responsabilit\u00e9s chaque copropri\u00e9taire selon le r\u00e8glement.<\/td>\n<\/tr>\n<tr>\n<td>R\u00e9paration du Compteur G\u00e9n\u00e9ral<\/td>\n<td>Frais \u00e0 la charge de la copropri\u00e9t\u00e9.<\/td>\n<\/tr>\n<tr>\n<td>Entretien des installations \u00e9lectriques communes<\/td>\n<td>Copropri\u00e9t\u00e9, financ\u00e9 via le budget allou\u00e9 aux charges.<\/td>\n<\/tr>\n<tr>\n<td>Panne dans Parties Privatives<\/td>\n<td>Copropri\u00e9taire responsable des frais de r\u00e9paration.<\/td>\n<\/tr>\n<\/table><\/figure>\n\n","protected":false},"excerpt":{"rendered":"<p>\u00c9lectricit\u00e9 des communs : qui paye quoi en copropri\u00e9t\u00e9 ? La gestion de l&rsquo;\u00e9lectricit\u00e9 des communs dans une copropri\u00e9t\u00e9 soul\u00e8ve [&hellip;]<\/p>\n","protected":false},"author":7,"featured_media":6298,"comment_status":"open","ping_status":"close","sticky":false,"template":"","format":"standard","meta":{"site-sidebar-layout":"default","site-content-layout":"","ast-site-content-layout":"default","site-content-style":"default","site-sidebar-style":"default","ast-global-header-display":"","ast-banner-title-visibility":"","ast-main-header-display":"","ast-hfb-above-header-display":"","ast-hfb-below-header-display":"","ast-hfb-mobile-header-display":"","site-post-title":"","ast-breadcrumbs-content":"","ast-featured-img":"","footer-sml-layout":"","ast-disable-related-posts":"","theme-transparent-header-meta":"","adv-header-id-meta":"","stick-header-meta":"","header-above-stick-meta":"","header-main-stick-meta":"","header-below-stick-meta":"","astra-migrate-meta-layouts":"default","ast-page-background-enabled":"default","ast-page-background-meta":{"desktop":{"background-color":"var(--ast-global-color-4)","background-image":"","background-repeat":"repeat","background-position":"center center","background-size":"auto","background-attachment":"scroll","background-type":"","background-media":"","overlay-type":"","overlay-color":"","overlay-opacity":"","overlay-gradient":""},"tablet":{"background-color":"","background-image":"","background-repeat":"repeat","background-position":"center center","background-size":"auto","background-attachment":"scroll","background-type":"","background-media":"","overlay-type":"","overlay-color":"","overlay-opacity":"","overlay-gradient":""},"mobile":{"background-color":"","background-image":"","background-repeat":"repeat","background-position":"center center","background-size":"auto","background-attachment":"scroll","background-type":"","background-media":"","overlay-type":"","overlay-color":"","overlay-opacity":"","overlay-gradient":""}},"ast-content-background-meta":{"desktop":{"background-color":"var(--ast-global-color-5)","background-image":"","background-repeat":"repeat","background-position":"center center","background-size":"auto","background-attachment":"scroll","background-type":"","background-media":"","overlay-type":"","overlay-color":"","overlay-opacity":"","overlay-gradient":""},"tablet":{"background-color":"var(--ast-global-color-5)","background-image":"","background-repeat":"repeat","background-position":"center center","background-size":"auto","background-attachment":"scroll","background-type":"","background-media":"","overlay-type":"","overlay-color":"","overlay-opacity":"","overlay-gradient":""},"mobile":{"background-color":"var(--ast-global-color-5)","background-image":"","background-repeat":"repeat","background-position":"center center","background-size":"auto","background-attachment":"scroll","background-type":"","background-media":"","overlay-type":"","overlay-color":"","overlay-opacity":"","overlay-gradient":""}},"footnotes":""},"categories":[1537],"tags":[],"class_list":["post-6300","post","type-post","status-publish","format-standard","has-post-thumbnail","hentry","category-energie-puissance"],"_links":{"self":[{"href":"https:\/\/www.chantier-mag.com\/blog\/wp-json\/wp\/v2\/posts\/6300","targetHints":{"allow":["GET"]}}],"collection":[{"href":"https:\/\/www.chantier-mag.com\/blog\/wp-json\/wp\/v2\/posts"}],"about":[{"href":"https:\/\/www.chantier-mag.com\/blog\/wp-json\/wp\/v2\/types\/post"}],"author":[{"embeddable":true,"href":"https:\/\/www.chantier-mag.com\/blog\/wp-json\/wp\/v2\/users\/7"}],"replies":[{"embeddable":true,"href":"https:\/\/www.chantier-mag.com\/blog\/wp-json\/wp\/v2\/comments?post=6300"}],"version-history":[{"count":0,"href":"https:\/\/www.chantier-mag.com\/blog\/wp-json\/wp\/v2\/posts\/6300\/revisions"}],"wp:featuredmedia":[{"embeddable":true,"href":"https:\/\/www.chantier-mag.com\/blog\/wp-json\/wp\/v2\/media\/6298"}],"wp:attachment":[{"href":"https:\/\/www.chantier-mag.com\/blog\/wp-json\/wp\/v2\/media?parent=6300"}],"wp:term":[{"taxonomy":"category","embeddable":true,"href":"https:\/\/www.chantier-mag.com\/blog\/wp-json\/wp\/v2\/categories?post=6300"},{"taxonomy":"post_tag","embeddable":true,"href":"https:\/\/www.chantier-mag.com\/blog\/wp-json\/wp\/v2\/tags?post=6300"}],"curies":[{"name":"wp","href":"https:\/\/api.w.org\/{rel}","templated":true}]}}