{"id":6304,"date":"2025-10-20T12:10:14","date_gmt":"2025-10-20T06:40:14","guid":{"rendered":"https:\/\/www.chantier-mag.com\/blog\/electricite-dans-les-parties-communes-repartition-et-gestion-des-couts"},"modified":"2025-10-20T12:10:14","modified_gmt":"2025-10-20T06:40:14","slug":"electricite-dans-les-parties-communes-repartition-et-gestion-des-couts","status":"publish","type":"post","link":"https:\/\/www.chantier-mag.com\/blog\/electricite-dans-les-parties-communes-repartition-et-gestion-des-couts","title":{"rendered":"\u00c9lectricit\u00e9 dans les parties communes : r\u00e9partition et gestion des co\u00fbts"},"content":{"rendered":"<p><strong>La gestion des co\u00fbts d&rsquo;\u00e9lectricit\u00e9 dans les parties communes des immeubles<\/strong> est une pr\u00e9occupation majeure pour les copropri\u00e9taires. Chaque r\u00e9sident contribue aux d\u00e9penses communes, souvent sans comprendre la r\u00e9partition et l&rsquo;impact de cette consommation sur leur budget. En tant que <strong>Chef de chantier sp\u00e9cialis\u00e9 dans les installations \u00e9lectriques<\/strong>, j\u2019ai acquis une expertise qui me permet de traiter ce sujet de mani\u00e8re pragmatique et inform\u00e9e. La consommation d&rsquo;\u00e9lectricit\u00e9, qu&rsquo;elle provienne d&rsquo;\u00e9clairages, d&rsquo;ascenseurs ou de syst\u00e8mes de chauffage, repr\u00e9sente une charge significative. Ainsi, il est important d&rsquo;analyser chaque poste de d\u00e9pense afin d&rsquo;identifier les opportunit\u00e9s d&rsquo;optimisation. En prenant des mesures adapt\u00e9es, il est possible non seulement de r\u00e9duire les factures, mais aussi de contribuer \u00e0 un d\u00e9veloppement durable b\u00e9n\u00e9fique pour l&rsquo;ensemble des r\u00e9sidents.<\/p>\n\n<figure class=\"is-provider-youtube is-type-video wp-block-embed wp-block-embed-youtube wp-embed-aspect-16-9 wp-has-aspect-ratio\"><div class=\"wp-block-embed__wrapper\">\n<iframe title=\"5= R\u00e9partition des co\u00fbts indirects avec des prestations r\u00e9ciproques\" width=\"500\" height=\"281\" src=\"https:\/\/www.youtube.com\/embed\/RxQStYLyFho?feature=oembed\" frameborder=\"0\" allow=\"accelerometer; autoplay; clipboard-write; encrypted-media; gyroscope; picture-in-picture; web-share\" referrerpolicy=\"strict-origin-when-cross-origin\" allowfullscreen><\/iframe>\n<\/div><\/figure>\n\n<div id=\"ez-toc-container\" class=\"ez-toc-v2_0_82_2 counter-hierarchy ez-toc-counter ez-toc-custom ez-toc-container-direction\">\n<div class=\"ez-toc-title-container\">\n<div class=\"ez-toc-title ez-toc-toggle\" style=\"cursor:pointer\">Sommaire : <\/div>\n<span class=\"ez-toc-title-toggle\"><a href=\"#\" class=\"ez-toc-pull-right ez-toc-btn ez-toc-btn-xs ez-toc-btn-default ez-toc-toggle\" aria-label=\"Toggle Table of Content\"><span class=\"ez-toc-js-icon-con\"><span class=\"\"><span class=\"eztoc-hide\" style=\"display:none;\">Toggle<\/span><span class=\"ez-toc-icon-toggle-span\"><svg style=\"fill: #545454;color:#545454\" xmlns=\"http:\/\/www.w3.org\/2000\/svg\" class=\"list-377408\" width=\"20px\" height=\"20px\" viewBox=\"0 0 24 24\" fill=\"none\"><path d=\"M6 6H4v2h2V6zm14 0H8v2h12V6zM4 11h2v2H4v-2zm16 0H8v2h12v-2zM4 16h2v2H4v-2zm16 0H8v2h12v-2z\" fill=\"currentColor\"><\/path><\/svg><svg style=\"fill: #545454;color:#545454\" class=\"arrow-unsorted-368013\" xmlns=\"http:\/\/www.w3.org\/2000\/svg\" width=\"10px\" height=\"10px\" viewBox=\"0 0 24 24\" version=\"1.2\" baseProfile=\"tiny\"><path d=\"M18.2 9.3l-6.2-6.3-6.2 6.3c-.2.2-.3.4-.3.7s.1.5.3.7c.2.2.4.3.7.3h11c.3 0 .5-.1.7-.3.2-.2.3-.5.3-.7s-.1-.5-.3-.7zM5.8 14.7l6.2 6.3 6.2-6.3c.2-.2.3-.5.3-.7s-.1-.5-.3-.7c-.2-.2-.4-.3-.7-.3h-11c-.3 0-.5.1-.7.3-.2.2-.3.5-.3.7s.1.5.3.7z\"\/><\/svg><\/span><\/span><\/span><\/a><\/span><\/div>\n<nav><ul class='ez-toc-list ez-toc-list-level-1 ' ><li class='ez-toc-page-1 ez-toc-heading-level-2'><a class=\"ez-toc-link ez-toc-heading-1\" href=\"https:\/\/www.chantier-mag.com\/blog\/electricite-dans-les-parties-communes-repartition-et-gestion-des-couts\/#Comprendre-la-consommation-delectricite-des-parties-communes\" >Comprendre la consommation d\u2019\u00e9lectricit\u00e9 des parties communes<\/a><\/li><li class='ez-toc-page-1 ez-toc-heading-level-2'><a class=\"ez-toc-link ez-toc-heading-2\" href=\"https:\/\/www.chantier-mag.com\/blog\/electricite-dans-les-parties-communes-repartition-et-gestion-des-couts\/#Qui-paye-quoi-La-repartition-des-couts\" >Qui paye quoi ? La r\u00e9partition des co\u00fbts<\/a><\/li><li class='ez-toc-page-1 ez-toc-heading-level-2'><a class=\"ez-toc-link ez-toc-heading-3\" href=\"https:\/\/www.chantier-mag.com\/blog\/electricite-dans-les-parties-communes-repartition-et-gestion-des-couts\/#Les-enjeux-environnementaux\" >Les enjeux environnementaux<\/a><\/li><li class='ez-toc-page-1 ez-toc-heading-level-2'><a class=\"ez-toc-link ez-toc-heading-4\" href=\"https:\/\/www.chantier-mag.com\/blog\/electricite-dans-les-parties-communes-repartition-et-gestion-des-couts\/#Optimiser-la-consommation-delectricite-dans-les-parties-communes\" >Optimiser la consommation d&rsquo;\u00e9lectricit\u00e9 dans les parties communes<\/a><\/li><li class='ez-toc-page-1 ez-toc-heading-level-2'><a class=\"ez-toc-link ez-toc-heading-5\" href=\"https:\/\/www.chantier-mag.com\/blog\/electricite-dans-les-parties-communes-repartition-et-gestion-des-couts\/#Cartographie-de-la-consommation\" >Cartographie de la consommation<\/a><\/li><li class='ez-toc-page-1 ez-toc-heading-level-2'><a class=\"ez-toc-link ez-toc-heading-6\" href=\"https:\/\/www.chantier-mag.com\/blog\/electricite-dans-les-parties-communes-repartition-et-gestion-des-couts\/#Les-aides-disponibles-pour-lefficacite-energetique\" >Les aides disponibles pour l\u2019efficacit\u00e9 \u00e9nerg\u00e9tique<\/a><\/li><li class='ez-toc-page-1 ez-toc-heading-level-2'><a class=\"ez-toc-link ez-toc-heading-7\" href=\"https:\/\/www.chantier-mag.com\/blog\/electricite-dans-les-parties-communes-repartition-et-gestion-des-couts\/#Questions-frequentes\" >Questions fr\u00e9quentes<\/a><ul class='ez-toc-list-level-3' ><li class='ez-toc-heading-level-3'><a class=\"ez-toc-link ez-toc-heading-8\" href=\"https:\/\/www.chantier-mag.com\/blog\/electricite-dans-les-parties-communes-repartition-et-gestion-des-couts\/#Qui-prend-en-charge-les-frais-delectricite-des-parties-communes\" >Qui prend en charge les frais d\u2019\u00e9lectricit\u00e9 des parties communes ?<\/a><\/li><li class='ez-toc-page-1 ez-toc-heading-level-3'><a class=\"ez-toc-link ez-toc-heading-9\" href=\"https:\/\/www.chantier-mag.com\/blog\/electricite-dans-les-parties-communes-repartition-et-gestion-des-couts\/#Comment-reduire-les-couts-delectricite-dans-les-parties-communes\" >Comment r\u00e9duire les co\u00fbts d\u2019\u00e9lectricit\u00e9 dans les parties communes ?<\/a><\/li><li class='ez-toc-page-1 ez-toc-heading-level-3'><a class=\"ez-toc-link ez-toc-heading-10\" href=\"https:\/\/www.chantier-mag.com\/blog\/electricite-dans-les-parties-communes-repartition-et-gestion-des-couts\/#Quel-est-le-retour-sur-investissement-des-travaux-damelioration-energetique\" >Quel est le retour sur investissement des travaux d\u2019am\u00e9lioration \u00e9nerg\u00e9tique ?<\/a><\/li><li class='ez-toc-page-1 ez-toc-heading-level-3'><a class=\"ez-toc-link ez-toc-heading-11\" href=\"https:\/\/www.chantier-mag.com\/blog\/electricite-dans-les-parties-communes-repartition-et-gestion-des-couts\/#De-quelles-aides-financieres-peut-on-beneficier\" >De quelles aides financi\u00e8res peut-on b\u00e9n\u00e9ficier ?<\/a><\/li><li class='ez-toc-page-1 ez-toc-heading-level-3'><a class=\"ez-toc-link ez-toc-heading-12\" href=\"https:\/\/www.chantier-mag.com\/blog\/electricite-dans-les-parties-communes-repartition-et-gestion-des-couts\/#Quelle-est-limportance-de-lentretien-des-installations-communes\" >Quelle est l\u2019importance de l\u2019entretien des installations communes ?<\/a><\/li><\/ul><\/li><li class='ez-toc-page-1 ez-toc-heading-level-2'><a class=\"ez-toc-link ez-toc-heading-13\" href=\"https:\/\/www.chantier-mag.com\/blog\/electricite-dans-les-parties-communes-repartition-et-gestion-des-couts\/#Gestion-Intelligente-de-lElectricite-dans-les-Immeubles-Collectifs\" >Gestion Intelligente de l&rsquo;\u00c9lectricit\u00e9 dans les Immeubles Collectifs<\/a><\/li><li class='ez-toc-page-1 ez-toc-heading-level-2'><a class=\"ez-toc-link ez-toc-heading-14\" href=\"https:\/\/www.chantier-mag.com\/blog\/electricite-dans-les-parties-communes-repartition-et-gestion-des-couts\/#Electricite-dans-les-parties-communes-repartition-et-gestion-des-couts\" >\u00c9lectricit\u00e9 dans les parties communes : r\u00e9partition et gestion des co\u00fbts<\/a><\/li><\/ul><\/nav><\/div>\n<h2 class=\"wp-block-heading\"><span class=\"ez-toc-section\" id=\"Comprendre-la-consommation-delectricite-des-parties-communes\"><\/span>Comprendre la consommation d\u2019\u00e9lectricit\u00e9 des parties communes<span class=\"ez-toc-section-end\"><\/span><\/h2>\n\n<p>La consommation d\u2019\u00e9lectricit\u00e9 dans les parties communes est souvent une source de pr\u00e9occupation pour de nombreux copropri\u00e9taires. En moyenne, un logement utilise environ <strong>4 680 kWh\/an<\/strong>, dont <strong>700 kWh\/an<\/strong> sont d\u00e9di\u00e9s aux parties communes. Cette proportion peut grimper \u00e0 <strong>1 000 kWh\/an<\/strong> dans les r\u00e9sidences dot\u00e9es de <strong>parkings souterrains<\/strong>. Ainsi, il est urgent de se pencher sur cette question non seulement pour ma\u00eetriser ses d\u00e9penses, mais aussi pour minimiser son impact environnemental.<\/p>\n\n<h2 class=\"wp-block-heading\"><span class=\"ez-toc-section\" id=\"Qui-paye-quoi-La-repartition-des-couts\"><\/span>Qui paye quoi ? La r\u00e9partition des co\u00fbts<span class=\"ez-toc-section-end\"><\/span><\/h2>\n\n<p>Dans un immeuble collectif, la r\u00e9partition des frais d\u2019\u00e9lectricit\u00e9 est g\u00e9n\u00e9ralement liss\u00e9e entre tous les copropri\u00e9taires, en fonction de leur quote-part dans les parties communes. Mais cela soul\u00e8ve des questions d\u2019\u00e9quit\u00e9 et de transparence. Les principales <strong>sources de consommation<\/strong> dans les parties communes incluent :<\/p>\n\n<p>&#8211; <strong>\u00c9clairage<\/strong> : hall, paliers, ext\u00e9rieur et parkings<br>\n&#8211; <strong>Ascenseurs<\/strong> : essentiels pour la mobilit\u00e9<br>\n&#8211; <strong>Ventilation m\u00e9canique contr\u00f4l\u00e9e (VMC)<\/strong> : pour garantir la qualit\u00e9 de l\u2019air<br>\n&#8211; <strong>Pompes des r\u00e9seaux de chauffage et d\u2019eau chaude sanitaire<\/strong> : sources de confort<br>\n&#8211; <strong>Portails et portes de garage automatiques<\/strong> : souvent \u00e9nergivores<\/p>\n\n<p>Pour ceux qui r\u00e9fl\u00e9chissent \u00e0 la gestion de leur consommation, l&rsquo;\u00e9clairage d&rsquo;une copropri\u00e9t\u00e9 peut repr\u00e9senter \u00e0 lui seul <strong>300 kWh\/an<\/strong>. Passer \u00e0 des <strong>ampoules LED<\/strong> peut contribuer \u00e0 de r\u00e9elles \u00e9conomies.<\/p>\n\n<h2 class=\"wp-block-heading\"><span class=\"ez-toc-section\" id=\"Les-enjeux-environnementaux\"><\/span>Les enjeux environnementaux<span class=\"ez-toc-section-end\"><\/span><\/h2>\n\n<p>Il est crucial de reconna\u00eetre que chaque kilowattheure consomm\u00e9 entra\u00eene un co\u00fbt environnemental, ind\u00e9pendamment de la source d&rsquo;\u00e9lectricit\u00e9. Les d\u00e9fis sont d&rsquo;autant plus pressants <strong>avec l&rsquo;augmentation des co\u00fbts \u00e9nerg\u00e9tiques<\/strong>. Les coups de feu sur les factures d\u2019\u00e9lectricit\u00e9 demandent des changements. La production d\u2019\u00e9lectricit\u00e9 se fait souvent \u00e0 partir d&rsquo;\u00e9nergies fossiles, il devient donc primordial de r\u00e9duire notre empreinte carbone.<\/p>\n\n<h2 class=\"wp-block-heading\"><span class=\"ez-toc-section\" id=\"Optimiser-la-consommation-delectricite-dans-les-parties-communes\"><\/span>Optimiser la consommation d&rsquo;\u00e9lectricit\u00e9 dans les parties communes<span class=\"ez-toc-section-end\"><\/span><\/h2>\n\n<p>Plusieurs <strong>strat\u00e9gies<\/strong> existent pour r\u00e9duire cette consommation :<\/p>\n\n<p>&#8211; <strong>Remplacement d&rsquo;\u00e9quipements<\/strong> : Investir dans des \u00e9clairages LED et des syst\u00e8mes performants.<br>\n&#8211; <strong>Entretien r\u00e9gulier<\/strong> : Garantir l&rsquo;efficacit\u00e9 des ascenseurs et de la VMC pour \u00e9viter les surconsommations.<br>\n&#8211; <strong>Gestion technique<\/strong> : Installer des syst\u00e8mes de d\u00e9tection de pr\u00e9sence et de gestion technique centralis\u00e9e (GTC).<br>\n&#8211; <strong>Contrats d\u2019\u00e9lectricit\u00e9<\/strong> : Choisir des fournisseurs avec des tarifs adapt\u00e9s aux besoins sp\u00e9cifiques des parties communes.<\/p>\n\n<p>Int\u00e9grer des syst\u00e8mes domotiques pour optimiser les d\u00e9penses peut \u00e9galement apporter des r\u00e9sultats significatifs.<\/p>\n\n<h2 class=\"wp-block-heading\"><span class=\"ez-toc-section\" id=\"Cartographie-de-la-consommation\"><\/span>Cartographie de la consommation<span class=\"ez-toc-section-end\"><\/span><\/h2>\n\n<p>Pour bien g\u00e9rer les d\u00e9penses, il est essentiel de proc\u00e9der \u00e0 un <strong>diagnostic complet<\/strong> des consommations. En cartographiant chaque poste, il sera plus facile d&rsquo;identifier les principaux leviers d&rsquo;action. Par exemple, \u00e9tablir un \u00e9tat des lieux vous permettra d\u2019identifier o\u00f9 des \u00e9conomies sont r\u00e9alisables.<\/p>\n\n<h2 class=\"wp-block-heading\"><span class=\"ez-toc-section\" id=\"Les-aides-disponibles-pour-lefficacite-energetique\"><\/span>Les aides disponibles pour l\u2019efficacit\u00e9 \u00e9nerg\u00e9tique<span class=\"ez-toc-section-end\"><\/span><\/h2>\n\n<p>Les copropri\u00e9taires peuvent b\u00e9n\u00e9ficier d\u2019aides financi\u00e8res pour am\u00e9liorer l\u2019efficacit\u00e9 \u00e9nerg\u00e9tique de leurs b\u00e2timents. Parmi ces aides, on trouve :<\/p>\n\n<p>&#8211; <strong>Subventions de l\u2019ANAH<\/strong> : pour financer des r\u00e9novations des parties communes<br>\n&#8211; <strong>Pr\u00eats \u00e0 taux z\u00e9ro<\/strong> : pour des travaux d\u2019am\u00e9lioration \u00e9nerg\u00e9tique<br>\n&#8211; <strong>Cr\u00e9dits d\u2019imp\u00f4t<\/strong> : pour investissements d\u2019\u00e9conomie d\u2019\u00e9nergie<\/p>\n\n<p>Renseignez-vous aupr\u00e8s de votre mairie ou sur les sites gouvernementaux pour maximiser vos chances de profiter de ces dispositifs.<\/p>\n\n<p>Vous avez des questions ? Voici quelques interrogations fr\u00e9quentes li\u00e9es \u00e0 ce sujet :<\/p>\n\n<h2 class=\"wp-block-heading\"><span class=\"ez-toc-section\" id=\"Questions-frequentes\"><\/span>Questions fr\u00e9quentes<span class=\"ez-toc-section-end\"><\/span><\/h2>\n\n<h3 class=\"wp-block-heading\"><span class=\"ez-toc-section\" id=\"Qui-prend-en-charge-les-frais-delectricite-des-parties-communes\"><\/span>Qui prend en charge les frais d\u2019\u00e9lectricit\u00e9 des parties communes ?<span class=\"ez-toc-section-end\"><\/span><\/h3>\n\n<p>Les frais sont g\u00e9n\u00e9ralement r\u00e9partis entre tous les copropri\u00e9taires, selon leur quote-part.<\/p>\n\n<h3 class=\"wp-block-heading\"><span class=\"ez-toc-section\" id=\"Comment-reduire-les-couts-delectricite-dans-les-parties-communes\"><\/span>Comment r\u00e9duire les co\u00fbts d\u2019\u00e9lectricit\u00e9 dans les parties communes ?<span class=\"ez-toc-section-end\"><\/span><\/h3>\n\n<p>Adoptez des \u00e9quipements \u00e9nerg\u00e9tiquement efficaces et assurez-vous d&rsquo;un bon entretien.<\/p>\n\n<h3 class=\"wp-block-heading\"><span class=\"ez-toc-section\" id=\"Quel-est-le-retour-sur-investissement-des-travaux-damelioration-energetique\"><\/span>Quel est le retour sur investissement des travaux d\u2019am\u00e9lioration \u00e9nerg\u00e9tique ?<span class=\"ez-toc-section-end\"><\/span><\/h3>\n\n<p>Le ROI varie selon les travaux, mais des \u00e9conomies significatives sont souvent constat\u00e9es \u00e0 long terme.<\/p>\n\n<h3 class=\"wp-block-heading\"><span class=\"ez-toc-section\" id=\"De-quelles-aides-financieres-peut-on-beneficier\"><\/span>De quelles aides financi\u00e8res peut-on b\u00e9n\u00e9ficier ?<span class=\"ez-toc-section-end\"><\/span><\/h3>\n\n<p>Des subventions et cr\u00e9dits d\u2019imp\u00f4t sont disponibles, \u00e0 condition de bien se renseigner.<\/p>\n\n<h3 class=\"wp-block-heading\"><span class=\"ez-toc-section\" id=\"Quelle-est-limportance-de-lentretien-des-installations-communes\"><\/span>Quelle est l\u2019importance de l\u2019entretien des installations communes ?<span class=\"ez-toc-section-end\"><\/span><\/h3>\n\n<p>Un entretien r\u00e9gulier est crucial pour garantir l\u2019efficacit\u00e9 et r\u00e9duire la consommation d\u2019\u00e9nergie.<\/p>\n\n<p>Pour approfondir davantage ce sujet, voici quelques ressources utiles : <a href=\"https:\/\/www.chantier-mag.com\/blog\/electricite-des-communs-qui-paye-quoi-en-copropriete\">\u00c9lectricit\u00e9 des communs : qui paye quoi en copropri\u00e9t\u00e9 ?<\/a>, <a href=\"https:\/\/www.chantier-mag.com\/blog\/devis-electricite-gratuit-pieges-a-eviter-et-bons-plans-a-saisir\">Devis \u00e9lectricit\u00e9 : bons plans \u00e0 saisir<\/a>. <\/p>\n\n<p>En mettant en \u0153uvre ces strat\u00e9gies, chaque copropri\u00e9taire contribuera \u00e0 r\u00e9duire les charges tout en pr\u00e9servant l\u2019environnement. \ud83c\udf31<\/p>\n\n<figure class=\"wp-block-image size-full\"><img fetchpriority=\"high\" decoding=\"async\" width=\"1170\" height=\"570\" src=\"https:\/\/www.chantier-mag.com\/blog\/wp-content\/uploads\/2025\/10\/couts-electricite-communes-1.jpg\" alt=\"d\u00e9couvrez les co\u00fbts de l&#039;\u00e9lectricit\u00e9 dans les diff\u00e9rentes communes : comparatif des tarifs, facteurs d&#039;\u00e9volution des prix et conseils pour optimiser votre facture d&#039;\u00e9nergie selon votre commune.\" class=\"wp-image-6303\" srcset=\"https:\/\/www.chantier-mag.com\/blog\/wp-content\/uploads\/2025\/10\/couts-electricite-communes-1.jpg 1170w, https:\/\/www.chantier-mag.com\/blog\/wp-content\/uploads\/2025\/10\/couts-electricite-communes-1-768x374.jpg 768w\" sizes=\"(max-width: 1170px) 100vw, 1170px\" \/><\/figure>\n\n<h2 class=\"wp-block-heading\"><span class=\"ez-toc-section\" id=\"Gestion-Intelligente-de-lElectricite-dans-les-Immeubles-Collectifs\"><\/span>Gestion Intelligente de l&rsquo;\u00c9lectricit\u00e9 dans les Immeubles Collectifs<span class=\"ez-toc-section-end\"><\/span><\/h2>\n\n<p>La consommation d&rsquo;\u00e9lectricit\u00e9 dans les parties communes des immeubles est souvent un sujet d\u00e9licat pour les copropri\u00e9taires. La r\u00e9partition des co\u00fbts peut engendrer des incompr\u00e9hensions, surtout lorsque les factures semblent disproportionn\u00e9es au confort apport\u00e9. Pour une gestion harmonieuse, il est essentiel de faire la lumi\u00e8re sur ces aspects.<\/p>\n\n<p>Il est imp\u00e9ratif de prendre conscience que chaque \u00e9quipement contribue \u00e0 la facture globale. L\u2019\u00e9clairage, les ascenseurs, la ventilation m\u00e9canique contr\u00f4l\u00e9e, et d&rsquo;autres installations consomment des kilowattheures qui s&rsquo;additionnent rapidement. Ainsi, il est crucial de cartographier ces postes de consommation pour mieux identifier les solutions d&rsquo;optimisation possibles.<\/p>\n\n<p>Des travaux d&rsquo;am\u00e9lioration tels que le remplacement des \u00e9clairages par des mod\u00e8les LED, un entretien r\u00e9gulier des \u00e9quipements et l&rsquo;ajout de syst\u00e8mes de gestion de l&rsquo;\u00e9nergie peuvent faire une diff\u00e9rence significative. En adoptant une approche proactive, les copropri\u00e9taires auront non seulement une ma\u00eetrise des co\u00fbts, mais \u00e9galement un impact positif sur l\u2019environnement.<\/p>\n\n<p>Les r\u00e9glementations en vigueur incitent \u00e9galement \u00e0 une meilleure gestion \u00e9nerg\u00e9tique. S&rsquo;informer des normes actuelles permet aux syndics et copropri\u00e9taires de mettre en \u0153uvre des solutions durables et conformes, tout en b\u00e9n\u00e9ficiant de subventions et aides financi\u00e8res disponibles. Cela nickelise le retour sur investissement lors de r\u00e9novations et d\u00e9montre une volont\u00e9 d&rsquo;agir en faveur de la plan\u00e8te.<\/p>\n\n<p>Au final, un dialogue ouvert entre les copropri\u00e9taires et une volont\u00e9 commune d\u2019optimiser la consommation d\u2019\u00e9lectricit\u00e9 sont les cl\u00e9s pour naviguer sereinement dans cette probl\u00e9matique. Une gestion \u00e9clair\u00e9e de l\u2019\u00e9lectricit\u00e9 dans les parties communes est donc non seulement une n\u00e9cessit\u00e9 \u00e9conomique, mais aussi une responsabilit\u00e9 collective envers notre environnement.<\/p>\n\n<h2 class=\"wp-block-heading\"><span class=\"ez-toc-section\" id=\"Electricite-dans-les-parties-communes-repartition-et-gestion-des-couts\"><\/span>\u00c9lectricit\u00e9 dans les parties communes : r\u00e9partition et gestion des co\u00fbts<span class=\"ez-toc-section-end\"><\/span><\/h2>\n\n<figure class=\"wp-block-table\"><table>\n<tr>\n<th>Poste de consommation<\/th>\n<th>Impact financier<\/th>\n<\/tr>\n<tr>\n<td>\u00c9clairage<\/td>\n<td>Environ 300 kWh\/an, possibilit\u00e9 de r\u00e9duction avec des LED.<\/td>\n<\/tr>\n<tr>\n<td>Ascenseurs<\/td>\n<td>Consommation de 250 kWh\/an, mod\u00e8les \u00e0 faible consommation recommand\u00e9s.<\/td>\n<\/tr>\n<tr>\n<td>Ventilation M\u00e9canique Contr\u00f4l\u00e9e (VMC)<\/td>\n<td>Environ 150 kWh\/an, entretien r\u00e9gulier n\u00e9cessaire pour l&rsquo;efficacit\u00e9.<\/td>\n<\/tr>\n<tr>\n<td>Pompes de chauffage<\/td>\n<td>Consomme environ 200 kWh\/an, meilleur dimensionnement optimal.<\/td>\n<\/tr>\n<tr>\n<td>Portails automatiques<\/td>\n<td>Taux \u00e9lev\u00e9 de consommation, n\u00e9cessitent des syst\u00e8mes plus efficaces.<\/td>\n<\/tr>\n<tr>\n<td>Co\u00fbt total estim\u00e9<\/td>\n<td>Repr\u00e9sente environ 15% de la facture totale de l&rsquo;immeuble.<\/td>\n<\/tr>\n<tr>\n<td>Actions d&rsquo;optimisation<\/td>\n<td>Remplacement, entretien pr\u00e9ventif et contrats adapt\u00e9s.<\/td>\n<\/tr>\n<\/table><\/figure>\n\n","protected":false},"excerpt":{"rendered":"<p>La gestion des co\u00fbts d&rsquo;\u00e9lectricit\u00e9 dans les parties communes des immeubles est une pr\u00e9occupation majeure pour les copropri\u00e9taires. Chaque r\u00e9sident [&hellip;]<\/p>\n","protected":false},"author":7,"featured_media":6302,"comment_status":"open","ping_status":"close","sticky":false,"template":"","format":"standard","meta":{"site-sidebar-layout":"default","site-content-layout":"","ast-site-content-layout":"default","site-content-style":"default","site-sidebar-style":"default","ast-global-header-display":"","ast-banner-title-visibility":"","ast-main-header-display":"","ast-hfb-above-header-display":"","ast-hfb-below-header-display":"","ast-hfb-mobile-header-display":"","site-post-title":"","ast-breadcrumbs-content":"","ast-featured-img":"","footer-sml-layout":"","ast-disable-related-posts":"","theme-transparent-header-meta":"","adv-header-id-meta":"","stick-header-meta":"","header-above-stick-meta":"","header-main-stick-meta":"","header-below-stick-meta":"","astra-migrate-meta-layouts":"default","ast-page-background-enabled":"default","ast-page-background-meta":{"desktop":{"background-color":"var(--ast-global-color-4)","background-image":"","background-repeat":"repeat","background-position":"center center","background-size":"auto","background-attachment":"scroll","background-type":"","background-media":"","overlay-type":"","overlay-color":"","overlay-opacity":"","overlay-gradient":""},"tablet":{"background-color":"","background-image":"","background-repeat":"repeat","background-position":"center center","background-size":"auto","background-attachment":"scroll","background-type":"","background-media":"","overlay-type":"","overlay-color":"","overlay-opacity":"","overlay-gradient":""},"mobile":{"background-color":"","background-image":"","background-repeat":"repeat","background-position":"center center","background-size":"auto","background-attachment":"scroll","background-type":"","background-media":"","overlay-type":"","overlay-color":"","overlay-opacity":"","overlay-gradient":""}},"ast-content-background-meta":{"desktop":{"background-color":"var(--ast-global-color-5)","background-image":"","background-repeat":"repeat","background-position":"center center","background-size":"auto","background-attachment":"scroll","background-type":"","background-media":"","overlay-type":"","overlay-color":"","overlay-opacity":"","overlay-gradient":""},"tablet":{"background-color":"var(--ast-global-color-5)","background-image":"","background-repeat":"repeat","background-position":"center center","background-size":"auto","background-attachment":"scroll","background-type":"","background-media":"","overlay-type":"","overlay-color":"","overlay-opacity":"","overlay-gradient":""},"mobile":{"background-color":"var(--ast-global-color-5)","background-image":"","background-repeat":"repeat","background-position":"center center","background-size":"auto","background-attachment":"scroll","background-type":"","background-media":"","overlay-type":"","overlay-color":"","overlay-opacity":"","overlay-gradient":""}},"footnotes":""},"categories":[1537],"tags":[],"class_list":["post-6304","post","type-post","status-publish","format-standard","has-post-thumbnail","hentry","category-energie-puissance"],"_links":{"self":[{"href":"https:\/\/www.chantier-mag.com\/blog\/wp-json\/wp\/v2\/posts\/6304","targetHints":{"allow":["GET"]}}],"collection":[{"href":"https:\/\/www.chantier-mag.com\/blog\/wp-json\/wp\/v2\/posts"}],"about":[{"href":"https:\/\/www.chantier-mag.com\/blog\/wp-json\/wp\/v2\/types\/post"}],"author":[{"embeddable":true,"href":"https:\/\/www.chantier-mag.com\/blog\/wp-json\/wp\/v2\/users\/7"}],"replies":[{"embeddable":true,"href":"https:\/\/www.chantier-mag.com\/blog\/wp-json\/wp\/v2\/comments?post=6304"}],"version-history":[{"count":0,"href":"https:\/\/www.chantier-mag.com\/blog\/wp-json\/wp\/v2\/posts\/6304\/revisions"}],"wp:featuredmedia":[{"embeddable":true,"href":"https:\/\/www.chantier-mag.com\/blog\/wp-json\/wp\/v2\/media\/6302"}],"wp:attachment":[{"href":"https:\/\/www.chantier-mag.com\/blog\/wp-json\/wp\/v2\/media?parent=6304"}],"wp:term":[{"taxonomy":"category","embeddable":true,"href":"https:\/\/www.chantier-mag.com\/blog\/wp-json\/wp\/v2\/categories?post=6304"},{"taxonomy":"post_tag","embeddable":true,"href":"https:\/\/www.chantier-mag.com\/blog\/wp-json\/wp\/v2\/tags?post=6304"}],"curies":[{"name":"wp","href":"https:\/\/api.w.org\/{rel}","templated":true}]}}