{"id":6426,"date":"2025-12-10T12:14:06","date_gmt":"2025-12-10T06:44:06","guid":{"rendered":"https:\/\/www.chantier-mag.com\/blog\/prix-de-lelectricite-au-japon-pourquoi-est-elle-si-chere"},"modified":"2025-12-10T12:14:06","modified_gmt":"2025-12-10T06:44:06","slug":"prix-de-lelectricite-au-japon-pourquoi-est-elle-si-chere","status":"publish","type":"post","link":"https:\/\/www.chantier-mag.com\/blog\/prix-de-lelectricite-au-japon-pourquoi-est-elle-si-chere","title":{"rendered":"Prix de l\u2019\u00e9lectricit\u00e9 au Japon : pourquoi est-elle si ch\u00e8re ?"},"content":{"rendered":"<p>Le <strong>prix de l\u2019\u00e9lectricit\u00e9<\/strong> au <strong>Japon<\/strong> constitue un sujet d\u2019interrogation majeur, surtout en comparaison avec les tarifs d\u2019autres pays. En 2025, le co\u00fbt moyen atteindra 0,214 \u20ac par kWh, bien plus \u00e9lev\u00e9 que celui de la France, qui s\u2019\u00e9l\u00e8ve \u00e0 0,305 \u20ac, et encore plus que celui de l\u2019Allemagne. Cette situation d\u00e9coule principalement de la <strong>d\u00e9pendance accrue<\/strong> du Japon aux <strong>importations \u00e9nerg\u00e9tiques<\/strong> apr\u00e8s la r\u00e9duction de sa production nucl\u00e9aire suite \u00e0 la catastrophe de Fukushima. Les <strong>subventions gouvernementales<\/strong>, bien que pr\u00e9sentes, ne suffisent pas \u00e0 compenser les fluctuations des march\u00e9s internationaux. La r\u00e9cente <strong>lib\u00e9ralisation du march\u00e9<\/strong> a \u00e9galement ses limites, tout en maintenant de forts int\u00e9r\u00eats des grands fournisseurs comme TEPCO.<\/p>\n\n<p>En tant que chef de chantier sp\u00e9cialis\u00e9 dans les installations \u00e9lectriques, je suis en contact quotidien avec les enjeux li\u00e9s \u00e0 l\u2019\u00e9nergie, ce qui me permet d&rsquo;apporter un \u00e9clairage pertinent sur les facteurs influen\u00e7ant les tarifs de l\u2019\u00e9lectricit\u00e9 au Japon et ailleurs. Mon exp\u00e9rience directe dans le secteur m\u2019offre une compr\u00e9hension approfondie des dynamiques qui sous-tendent les co\u00fbts \u00e9nerg\u00e9tiques \u00e0 l&rsquo;\u00e9chelle internationale.<\/p>\n\n<figure class=\"is-provider-youtube is-type-video wp-block-embed wp-block-embed-youtube wp-embed-aspect-16-9 wp-has-aspect-ratio\"><div class=\"wp-block-embed__wrapper\">\n<iframe title=\"Pourquoi il est difficile de VIVRE \u00e0 vie au JAPON \ud83c\uddef\ud83c\uddf5 #japon\" width=\"500\" height=\"281\" src=\"https:\/\/www.youtube.com\/embed\/YkCX_PFbqVU?feature=oembed\" frameborder=\"0\" allow=\"accelerometer; autoplay; clipboard-write; encrypted-media; gyroscope; picture-in-picture; web-share\" referrerpolicy=\"strict-origin-when-cross-origin\" allowfullscreen><\/iframe>\n<\/div><\/figure>\n\n<div id=\"ez-toc-container\" class=\"ez-toc-v2_0_82_2 counter-hierarchy ez-toc-counter ez-toc-custom ez-toc-container-direction\">\n<div class=\"ez-toc-title-container\">\n<div class=\"ez-toc-title ez-toc-toggle\" style=\"cursor:pointer\">Sommaire : <\/div>\n<span class=\"ez-toc-title-toggle\"><a href=\"#\" class=\"ez-toc-pull-right ez-toc-btn ez-toc-btn-xs ez-toc-btn-default ez-toc-toggle\" aria-label=\"Toggle Table of Content\"><span class=\"ez-toc-js-icon-con\"><span class=\"\"><span class=\"eztoc-hide\" style=\"display:none;\">Toggle<\/span><span class=\"ez-toc-icon-toggle-span\"><svg style=\"fill: #545454;color:#545454\" xmlns=\"http:\/\/www.w3.org\/2000\/svg\" class=\"list-377408\" width=\"20px\" height=\"20px\" viewBox=\"0 0 24 24\" fill=\"none\"><path d=\"M6 6H4v2h2V6zm14 0H8v2h12V6zM4 11h2v2H4v-2zm16 0H8v2h12v-2zM4 16h2v2H4v-2zm16 0H8v2h12v-2z\" fill=\"currentColor\"><\/path><\/svg><svg style=\"fill: #545454;color:#545454\" class=\"arrow-unsorted-368013\" xmlns=\"http:\/\/www.w3.org\/2000\/svg\" width=\"10px\" height=\"10px\" viewBox=\"0 0 24 24\" version=\"1.2\" baseProfile=\"tiny\"><path d=\"M18.2 9.3l-6.2-6.3-6.2 6.3c-.2.2-.3.4-.3.7s.1.5.3.7c.2.2.4.3.7.3h11c.3 0 .5-.1.7-.3.2-.2.3-.5.3-.7s-.1-.5-.3-.7zM5.8 14.7l6.2 6.3 6.2-6.3c.2-.2.3-.5.3-.7s-.1-.5-.3-.7c-.2-.2-.4-.3-.7-.3h-11c-.3 0-.5.1-.7.3-.2.2-.3.5-.3.7s.1.5.3.7z\"\/><\/svg><\/span><\/span><\/span><\/a><\/span><\/div>\n<nav><ul class='ez-toc-list ez-toc-list-level-1 ' ><li class='ez-toc-page-1 ez-toc-heading-level-2'><a class=\"ez-toc-link ez-toc-heading-1\" href=\"https:\/\/www.chantier-mag.com\/blog\/prix-de-lelectricite-au-japon-pourquoi-est-elle-si-chere\/#Augmentation-des-tarifs-de-lelectricite-Comprendre-les-enjeux\" >Augmentation des tarifs de l\u2019\u00e9lectricit\u00e9 : Comprendre les enjeux<\/a><\/li><li class='ez-toc-page-1 ez-toc-heading-level-2'><a class=\"ez-toc-link ez-toc-heading-2\" href=\"https:\/\/www.chantier-mag.com\/blog\/prix-de-lelectricite-au-japon-pourquoi-est-elle-si-chere\/#Des-transformations-dans-la-production-delectricite\" >Des transformations dans la production d\u2019\u00e9lectricit\u00e9<\/a><\/li><li class='ez-toc-page-1 ez-toc-heading-level-2'><a class=\"ez-toc-link ez-toc-heading-3\" href=\"https:\/\/www.chantier-mag.com\/blog\/prix-de-lelectricite-au-japon-pourquoi-est-elle-si-chere\/#Impacts-de-la-transition-energetique\" >Impacts de la transition \u00e9nerg\u00e9tique<\/a><\/li><li class='ez-toc-page-1 ez-toc-heading-level-2'><a class=\"ez-toc-link ez-toc-heading-4\" href=\"https:\/\/www.chantier-mag.com\/blog\/prix-de-lelectricite-au-japon-pourquoi-est-elle-si-chere\/#Investissements-dans-les-energies-renouvelables\" >Investissements dans les \u00e9nergies renouvelables<\/a><\/li><li class='ez-toc-page-1 ez-toc-heading-level-2'><a class=\"ez-toc-link ez-toc-heading-5\" href=\"https:\/\/www.chantier-mag.com\/blog\/prix-de-lelectricite-au-japon-pourquoi-est-elle-si-chere\/#Le-vieillissement-des-infrastructures-nucleaires\" >Le vieillissement des infrastructures nucl\u00e9aires<\/a><\/li><li class='ez-toc-page-1 ez-toc-heading-level-2'><a class=\"ez-toc-link ez-toc-heading-6\" href=\"https:\/\/www.chantier-mag.com\/blog\/prix-de-lelectricite-au-japon-pourquoi-est-elle-si-chere\/#Mecanismes-de-marche-et-prix-de-lelectricite\" >M\u00e9canismes de march\u00e9 et prix de l\u2019\u00e9lectricit\u00e9<\/a><\/li><li class='ez-toc-page-1 ez-toc-heading-level-2'><a class=\"ez-toc-link ez-toc-heading-7\" href=\"https:\/\/www.chantier-mag.com\/blog\/prix-de-lelectricite-au-japon-pourquoi-est-elle-si-chere\/#Facteurs-externes-de-la-geopolitique-a-leconomie\" >Facteurs externes : de la g\u00e9opolitique \u00e0 l\u2019\u00e9conomie<\/a><\/li><li class='ez-toc-page-1 ez-toc-heading-level-2'><a class=\"ez-toc-link ez-toc-heading-8\" href=\"https:\/\/www.chantier-mag.com\/blog\/prix-de-lelectricite-au-japon-pourquoi-est-elle-si-chere\/#Le-regard-sur-lavenir-des-solutions-en-perspective\" >Le regard sur l\u2019avenir : des solutions en perspective<\/a><\/li><li class='ez-toc-page-1 ez-toc-heading-level-2'><a class=\"ez-toc-link ez-toc-heading-9\" href=\"https:\/\/www.chantier-mag.com\/blog\/prix-de-lelectricite-au-japon-pourquoi-est-elle-si-chere\/#Analyse-des-Couts-de-lElectricite-au-Japon-Un-Enjeu-Complexe\" >Analyse des Co\u00fbts de l&rsquo;\u00c9lectricit\u00e9 au Japon : Un Enjeu Complexe<\/a><\/li><\/ul><\/nav><\/div>\n<h2 class=\"wp-block-heading\"><span class=\"ez-toc-section\" id=\"Augmentation-des-tarifs-de-lelectricite-Comprendre-les-enjeux\"><\/span>Augmentation des tarifs de l\u2019\u00e9lectricit\u00e9 : Comprendre les enjeux<span class=\"ez-toc-section-end\"><\/span><\/h2>\n\n<p>Le co\u00fbt de l\u2019\u00e9lectricit\u00e9 a pris une <strong>tournure en fl\u00e8che<\/strong> ces derni\u00e8res ann\u00e9es, laissant de nombreux consommateurs perplexes. Pourquoi cette hausse ? Quels sont les facteurs en jeu ? Plongeons dans les m\u00e9andres de la production d\u2019\u00e9lectricit\u00e9 pour \u00e9claircir cette situation\u2026<\/p>\n\n<h2 class=\"wp-block-heading\"><span class=\"ez-toc-section\" id=\"Des-transformations-dans-la-production-delectricite\"><\/span>Des transformations dans la production d\u2019\u00e9lectricit\u00e9<span class=\"ez-toc-section-end\"><\/span><\/h2>\n\n<p>La France, longtemps r\u00e9put\u00e9e pour sa production <strong>nucl\u00e9aire<\/strong>, a connu des changements drastiques dans son mix \u00e9nerg\u00e9tique. Avec l\u2019ouverture vers les <strong>\u00e9nergies renouvelables<\/strong> comme le solaire et l\u2019\u00e9olien, le paysage s\u2019est diversifi\u00e9, mais \u00e0 quel prix ? Les nouvelles technologies imposent des <strong>investissements majeurs<\/strong>, rendant la production plus on\u00e9reuse \u00e0 court terme. C&rsquo;est un peu comme r\u00e9nover une maison : \u00e7a co\u00fbte cher sur le moment, mais c&rsquo;est indispensable pour l&rsquo;avenir ! \ud83c\udfe1<\/p>\n\n<h2 class=\"wp-block-heading\"><span class=\"ez-toc-section\" id=\"Impacts-de-la-transition-energetique\"><\/span>Impacts de la transition \u00e9nerg\u00e9tique<span class=\"ez-toc-section-end\"><\/span><\/h2>\n\n<p>La transition \u00e9nerg\u00e9tique est une balise essentielle, mais elle entra\u00eene son lot de d\u00e9fis. Par exemple, la variabilit\u00e9 des \u00e9nergies renouvelables n\u00e9cessite une <strong>adaptation constante<\/strong> du r\u00e9seau \u00e9lectrique, souvent par la construction de centrales au gaz, lesquelles viennent alimenter les co\u00fbts. D\u00e9velopper notre autonomie \u00e9nerg\u00e9tique demande des efforts et des <strong>ressources significatives<\/strong>.<\/p>\n\n<h2 class=\"wp-block-heading\"><span class=\"ez-toc-section\" id=\"Investissements-dans-les-energies-renouvelables\"><\/span>Investissements dans les \u00e9nergies renouvelables<span class=\"ez-toc-section-end\"><\/span><\/h2>\n\n<p>Investir dans le vert est maintenant un imp\u00e9ratif. Les projets d\u2019\u00e9nergies renouvelables, comme les <strong>parcs \u00e9oliens<\/strong> et les panneaux photovolta\u00efques, n\u00e9cessitent des capitaux cons\u00e9quents. Bien que ces efforts visent \u00e0 r\u00e9duire les co\u00fbts \u00e0 long terme, la <strong>r\u00e9percussion imm\u00e9diate sur les factures<\/strong> est in\u00e9vitable. Notre envie d&rsquo;un avenir \u00e9nerg\u00e9tique durable a son prix! \ud83c\udf0d<\/p>\n\n<h2 class=\"wp-block-heading\"><span class=\"ez-toc-section\" id=\"Le-vieillissement-des-infrastructures-nucleaires\"><\/span>Le vieillissement des infrastructures nucl\u00e9aires<span class=\"ez-toc-section-end\"><\/span><\/h2>\n\n<p>Nos centrales nucl\u00e9aires, cr\u00e9\u00e9es dans les ann\u00e9es 1980, doivent maintenant faire face au d\u00e9fi du <strong>vieillissement<\/strong>. Les co\u00fbts de maintenance et de mise \u00e0 niveau s\u2019\u00e9l\u00e8vent dans le cadre du programme de <strong>grand car\u00e9nage<\/strong>. Ces travaux titanesques contribuent \u00e0 une augmentation des tarif, mais garantissent aussi la s\u00e9curit\u00e9 \u00e0 long terme de notre production \u00e9lectrique.<\/p>\n\n<h2 class=\"wp-block-heading\"><span class=\"ez-toc-section\" id=\"Mecanismes-de-marche-et-prix-de-lelectricite\"><\/span>M\u00e9canismes de march\u00e9 et prix de l\u2019\u00e9lectricit\u00e9<span class=\"ez-toc-section-end\"><\/span><\/h2>\n\n<p>Les prix de l\u2019\u00e9lectricit\u00e9 ne sont pas seulement influenc\u00e9s par la production. Le <strong>march\u00e9 EPEX SPOT<\/strong> d\u00e9termine les prix de gros selon un syst\u00e8me d&rsquo;ordre de m\u00e9rite, o\u00f9 les centrales les plus ch\u00e8res fixent souvent le co\u00fbt. Imaginez un restaurant o\u00f9 le plat le plus cher serait celui qui d\u00e9termine le prix du menu classique&#8230; pas tr\u00e8s \u00e9quitable, n&rsquo;est-ce pas ? \ud83c\udf7d\ufe0f<\/p>\n\n<h2 class=\"wp-block-heading\"><span class=\"ez-toc-section\" id=\"Facteurs-externes-de-la-geopolitique-a-leconomie\"><\/span>Facteurs externes : de la g\u00e9opolitique \u00e0 l\u2019\u00e9conomie<span class=\"ez-toc-section-end\"><\/span><\/h2>\n\n<p>\u00c9tonnamment, m\u00eame les \u00e9v\u00e9nements internationaux influencent nos factures. La <strong>d\u00e9pendance aux importations<\/strong> de combustibles fossiles fait de nous une variable sensible aux fluctuations des march\u00e9s globaux. La crise en Ukraine, par exemple, a provoqu\u00e9 une flamb\u00e9e des prix du gaz, ce qui n&rsquo;est pas sans effet sur l&rsquo;\u00e9lectricit\u00e9 que nous consommons ici. Les relations internationales ont des cons\u00e9quences bien plus proches que l&rsquo;on ne le pense ! \ud83c\udf0f<\/p>\n\n<h2 class=\"wp-block-heading\"><span class=\"ez-toc-section\" id=\"Le-regard-sur-lavenir-des-solutions-en-perspective\"><\/span>Le regard sur l\u2019avenir : des solutions en perspective<span class=\"ez-toc-section-end\"><\/span><\/h2>\n\n<p>Les consommateurs cherchent des <strong>solutions alternatives<\/strong> pour \u00e9chapper \u00e0 la hausse des prix. De nombreux m\u00e9nages se tournent vers l\u2019adoption de <strong>panneaux photovolta\u00efques<\/strong> pour une production d\u2019\u00e9nergie plus autonome. De plus, l&rsquo;am\u00e9lioration des infrastructures intelligentes s&rsquo;annonce prometteuse pour optimiser notre consommation et diminuer les co\u00fbts.<\/p>\n\n<p>De fa\u00e7on plut\u00f4t pragmatique, chaque initiative compte. Les petits pas vers l\u2019efficacit\u00e9 \u00e9nerg\u00e9tique et la modernisation des installations sont essentiels. Attention toutefois \u00e0 ne pas se laisser submerger par la complexit\u00e9 de ces enjeux, car la route vers un avenir \u00e9nerg\u00e9tique durable est sem\u00e9e d\u2019obstacles, mais d\u2019autant plus enrichissante ! \ud83d\udca1<\/p>\n\n<figure class=\"wp-block-image size-full\"><img fetchpriority=\"high\" decoding=\"async\" width=\"664\" height=\"243\" src=\"https:\/\/www.chantier-mag.com\/blog\/wp-content\/uploads\/2025\/12\/cout-electricite-japon-1.jpg\" alt=\"d\u00e9couvrez le co\u00fbt de l&#039;\u00e9lectricit\u00e9 au japon, ses tarifs actuels, et les facteurs influen\u00e7ant les prix de l&#039;\u00e9nergie dans ce pays.\" class=\"wp-image-6425\" \/><\/figure>\n\n<h2 class=\"wp-block-heading\"><span class=\"ez-toc-section\" id=\"Analyse-des-Couts-de-lElectricite-au-Japon-Un-Enjeu-Complexe\"><\/span>Analyse des Co\u00fbts de l&rsquo;\u00c9lectricit\u00e9 au Japon : Un Enjeu Complexe<span class=\"ez-toc-section-end\"><\/span><\/h2>\n\n<p>Les consommateurs japonais se heurteraient \u00e0 des factures d&rsquo;\u00e9lectricit\u00e9 bien plus \u00e9lev\u00e9es que celles de nombreux autres pays, notamment en comparaison avec la France. Cette situation soul\u00e8ve des interrogations l\u00e9gitimes sur les raisons cach\u00e9es derri\u00e8re ce ph\u00e9nom\u00e8ne. La forte <strong>d\u00e9pendance aux importations \u00e9nerg\u00e9tiques<\/strong> est l&rsquo;un des facteurs cl\u00e9s. L&rsquo;archipel, ayant r\u00e9duit une grande partie de sa production nucl\u00e9aire apr\u00e8s la catastrophe de Fukushima, s&rsquo;est vu contraint de se tourner vers des combustibles fossiles, dont les co\u00fbts fluctuent fortement sur le march\u00e9 international.<\/p>\n\n<p>Les subventions gouvernementales temporaires ont certes apport\u00e9 un certain soulagement \u00e0 la population, mais ces mesures restent largement insuffisantes pour compenser les hausses de tarifs engendr\u00e9es par les fluctuations mondiales. De plus, la <strong>r\u00e9cente lib\u00e9ralisation du march\u00e9<\/strong> a permis l&rsquo;\u00e9mergence de nouveaux acteurs, mais les grands producteurs restent majoritairement aux commandes, maintenant ainsi des r\u00e8gles qui peuvent alourdir les charges pour les consommateurs.<\/p>\n\n<p>Il est \u00e9galement important de prendre en consid\u00e9ration l&rsquo;impact de la <strong>d\u00e9pr\u00e9ciation du yen<\/strong> sur les co\u00fbts d&rsquo;importation. Ces variations mon\u00e9taires p\u00e8sent sur la facture \u00e9nerg\u00e9tique des m\u00e9nages japonais, rendant l&rsquo;\u00e9lectricit\u00e9 encore plus on\u00e9reuse. Ainsi, le Japon se retrouve dans une position o\u00f9 il doit jongler entre sa vuln\u00e9rabilit\u00e9 face aux changements ext\u00e9rieurs et la n\u00e9cessit\u00e9 d&rsquo;une strat\u00e9gie d&rsquo;\u00e9nergie durable.<\/p>\n\n<p>Pour l&rsquo;avenir, l&rsquo;essor des <strong>\u00e9nergies renouvelables<\/strong> et des technologies alternatives appara\u00eet comme une perspective prometteuse. Toutefois, ces d\u00e9veloppements devront \u00eatre soutenus par des investissements solides pour v\u00e9ritablement changer la donne et all\u00e9ger le poids des consommateurs face \u00e0 des tarifs si \u00e9lev\u00e9s.<\/p>\n\n<figure class=\"wp-block-table\"><table>\n<tr>\n<th>Facteurs<\/th>\n<th>D\u00e9tails<\/th>\n<\/tr>\n<tr>\n<td><strong>D\u00e9pendance aux importations<\/strong><\/td>\n<td>R\u00e9duction de la production nucl\u00e9aire apr\u00e8s Fukushima oblige le Japon \u00e0 importer des combustibles fossiles.<\/td>\n<\/tr>\n<tr>\n<td><strong>Subventions gouvernementales<\/strong><\/td>\n<td>Subventions temporaires insuffisantes pour contrer les hausses des co\u00fbts internationaux.<\/td>\n<\/tr>\n<tr>\n<td><strong>Lib\u00e9ralisation du march\u00e9<\/strong><\/td>\n<td>Grandes entreprises comme TEPCO continuent d&rsquo;imposer leurs r\u00e8gles, limitant la concurrence.<\/td>\n<\/tr>\n<tr>\n<td><strong>Hausses des co\u00fbts de production<\/strong><\/td>\n<td>Flamb\u00e9e des prix de l&rsquo;\u00e9nergie sur le march\u00e9 international se r\u00e9percute sur les tarifs.<\/td>\n<\/tr>\n<tr>\n<td><strong>Infrastructure vieillissante<\/strong><\/td>\n<td>Investissements n\u00e9cessaires pour moderniser le r\u00e9seau \u00e9nerg\u00e9tique, augmentant les co\u00fbts.<\/td>\n<\/tr>\n<tr>\n<td><strong>Fluctuation des taux de change<\/strong><\/td>\n<td>D\u00e9pr\u00e9ciation du yen augmente le co\u00fbt des importations de combustibles.<\/td>\n<\/tr>\n<tr>\n<td><strong>Demande croissante<\/strong><\/td>\n<td>Augmentation de l&rsquo;utilisation des appareils \u00e9lectriques et de la climatisation.<\/td>\n<\/tr>\n<\/table><\/figure>\n\n","protected":false},"excerpt":{"rendered":"<p>Le prix de l\u2019\u00e9lectricit\u00e9 au Japon constitue un sujet d\u2019interrogation majeur, surtout en comparaison avec les tarifs d\u2019autres pays. En [&hellip;]<\/p>\n","protected":false},"author":7,"featured_media":6424,"comment_status":"open","ping_status":"close","sticky":false,"template":"","format":"standard","meta":{"site-sidebar-layout":"default","site-content-layout":"","ast-site-content-layout":"default","site-content-style":"default","site-sidebar-style":"default","ast-global-header-display":"","ast-banner-title-visibility":"","ast-main-header-display":"","ast-hfb-above-header-display":"","ast-hfb-below-header-display":"","ast-hfb-mobile-header-display":"","site-post-title":"","ast-breadcrumbs-content":"","ast-featured-img":"","footer-sml-layout":"","ast-disable-related-posts":"","theme-transparent-header-meta":"","adv-header-id-meta":"","stick-header-meta":"","header-above-stick-meta":"","header-main-stick-meta":"","header-below-stick-meta":"","astra-migrate-meta-layouts":"default","ast-page-background-enabled":"default","ast-page-background-meta":{"desktop":{"background-color":"var(--ast-global-color-4)","background-image":"","background-repeat":"repeat","background-position":"center center","background-size":"auto","background-attachment":"scroll","background-type":"","background-media":"","overlay-type":"","overlay-color":"","overlay-opacity":"","overlay-gradient":""},"tablet":{"background-color":"","background-image":"","background-repeat":"repeat","background-position":"center center","background-size":"auto","background-attachment":"scroll","background-type":"","background-media":"","overlay-type":"","overlay-color":"","overlay-opacity":"","overlay-gradient":""},"mobile":{"background-color":"","background-image":"","background-repeat":"repeat","background-position":"center center","background-size":"auto","background-attachment":"scroll","background-type":"","background-media":"","overlay-type":"","overlay-color":"","overlay-opacity":"","overlay-gradient":""}},"ast-content-background-meta":{"desktop":{"background-color":"var(--ast-global-color-5)","background-image":"","background-repeat":"repeat","background-position":"center center","background-size":"auto","background-attachment":"scroll","background-type":"","background-media":"","overlay-type":"","overlay-color":"","overlay-opacity":"","overlay-gradient":""},"tablet":{"background-color":"var(--ast-global-color-5)","background-image":"","background-repeat":"repeat","background-position":"center center","background-size":"auto","background-attachment":"scroll","background-type":"","background-media":"","overlay-type":"","overlay-color":"","overlay-opacity":"","overlay-gradient":""},"mobile":{"background-color":"var(--ast-global-color-5)","background-image":"","background-repeat":"repeat","background-position":"center center","background-size":"auto","background-attachment":"scroll","background-type":"","background-media":"","overlay-type":"","overlay-color":"","overlay-opacity":"","overlay-gradient":""}},"footnotes":""},"categories":[1537],"tags":[],"class_list":["post-6426","post","type-post","status-publish","format-standard","has-post-thumbnail","hentry","category-energie-puissance"],"_links":{"self":[{"href":"https:\/\/www.chantier-mag.com\/blog\/wp-json\/wp\/v2\/posts\/6426","targetHints":{"allow":["GET"]}}],"collection":[{"href":"https:\/\/www.chantier-mag.com\/blog\/wp-json\/wp\/v2\/posts"}],"about":[{"href":"https:\/\/www.chantier-mag.com\/blog\/wp-json\/wp\/v2\/types\/post"}],"author":[{"embeddable":true,"href":"https:\/\/www.chantier-mag.com\/blog\/wp-json\/wp\/v2\/users\/7"}],"replies":[{"embeddable":true,"href":"https:\/\/www.chantier-mag.com\/blog\/wp-json\/wp\/v2\/comments?post=6426"}],"version-history":[{"count":0,"href":"https:\/\/www.chantier-mag.com\/blog\/wp-json\/wp\/v2\/posts\/6426\/revisions"}],"wp:featuredmedia":[{"embeddable":true,"href":"https:\/\/www.chantier-mag.com\/blog\/wp-json\/wp\/v2\/media\/6424"}],"wp:attachment":[{"href":"https:\/\/www.chantier-mag.com\/blog\/wp-json\/wp\/v2\/media?parent=6426"}],"wp:term":[{"taxonomy":"category","embeddable":true,"href":"https:\/\/www.chantier-mag.com\/blog\/wp-json\/wp\/v2\/categories?post=6426"},{"taxonomy":"post_tag","embeddable":true,"href":"https:\/\/www.chantier-mag.com\/blog\/wp-json\/wp\/v2\/tags?post=6426"}],"curies":[{"name":"wp","href":"https:\/\/api.w.org\/{rel}","templated":true}]}}