{"id":6474,"date":"2025-12-26T12:10:13","date_gmt":"2025-12-26T06:40:13","guid":{"rendered":"https:\/\/www.chantier-mag.com\/blog\/quand-lelectricite-est-elle-apparue-dans-les-foyers-francais"},"modified":"2025-12-26T12:10:13","modified_gmt":"2025-12-26T06:40:13","slug":"quand-lelectricite-est-elle-apparue-dans-les-foyers-francais","status":"publish","type":"post","link":"https:\/\/www.chantier-mag.com\/blog\/quand-lelectricite-est-elle-apparue-dans-les-foyers-francais","title":{"rendered":"Quand l\u2019\u00e9lectricit\u00e9 est-elle apparue dans les foyers fran\u00e7ais ?"},"content":{"rendered":"<p>Au XIXe si\u00e8cle, l\u2019\u00e9lectricit\u00e9 commence \u00e0 p\u00e9n\u00e9trer les foyers fran\u00e7ais, transformant peu \u00e0 peu le quotidien des citoyens. Les premi\u00e8res installations \u00e9lectriques, initi\u00e9es lors des expositions universelles, t\u00e9moignent des avanc\u00e9es technologiques de cette \u00e9poque, bien que leur adoption ait d\u2019abord \u00e9t\u00e9 limit\u00e9e aux classes ais\u00e9es. La cr\u00e9ation de la <strong>Compagnie Parisienne de Distribution d\u2019\u00c9lectricit\u00e9<\/strong> en 1887 marque un tournant, en \u00e9tablissant un r\u00e9seau \u00e9lectrique urbain. L\u2019exposition universelle de 1900 \u00e0 Paris, surnomm\u00e9e la <strong>\u00ab F\u00e9e \u00c9lectricit\u00e9 \u00bb<\/strong>, r\u00e9v\u00e8le au grand public les multiples applications de cette \u00e9nergie, ancrant l\u2019\u00e9lectricit\u00e9 dans la vie domestique. Le chemin vers une \u00e9lectrification g\u00e9n\u00e9ralis\u00e9e s\u2019est ensuite acc\u00e9l\u00e9r\u00e9 gr\u00e2ce \u00e0 des initiatives comme le <strong>Fonds d\u2019Amortissement des Charges d\u2019\u00c9lectrification<\/strong>, permettant d\u2019\u00e9tendre ce r\u00e9seau aux zones rurales, t\u00e9moignant de l&rsquo;engagement de l&rsquo;\u00c9tat \u00e0 moderniser le pays.<\/p>\n\n<p>En tant que Chef de chantier en installations \u00e9lectriques, j&rsquo;ai acquis une connaissance approfondie du secteur au fil de mon exp\u00e9rience. Mon expertise me permet de comprendre les enjeux historiques et techniques li\u00e9s \u00e0 l&rsquo;\u00e9lectrification, ainsi que son impact sur notre soci\u00e9t\u00e9 actuelle.<\/p>\n\n<figure class=\"is-provider-youtube is-type-video wp-block-embed wp-block-embed-youtube wp-embed-aspect-16-9 wp-has-aspect-ratio\"><div class=\"wp-block-embed__wrapper\">\nhttps:\/\/www.youtube.com\/watch?v=RvqMBGmBfFc\n<\/div><\/figure>\n\n<div id=\"ez-toc-container\" class=\"ez-toc-v2_0_82_2 counter-hierarchy ez-toc-counter ez-toc-custom ez-toc-container-direction\">\n<div class=\"ez-toc-title-container\">\n<div class=\"ez-toc-title ez-toc-toggle\" style=\"cursor:pointer\">Sommaire : <\/div>\n<span class=\"ez-toc-title-toggle\"><a href=\"#\" class=\"ez-toc-pull-right ez-toc-btn ez-toc-btn-xs ez-toc-btn-default ez-toc-toggle\" aria-label=\"Toggle Table of Content\"><span class=\"ez-toc-js-icon-con\"><span class=\"\"><span class=\"eztoc-hide\" style=\"display:none;\">Toggle<\/span><span class=\"ez-toc-icon-toggle-span\"><svg style=\"fill: #545454;color:#545454\" xmlns=\"http:\/\/www.w3.org\/2000\/svg\" class=\"list-377408\" width=\"20px\" height=\"20px\" viewBox=\"0 0 24 24\" fill=\"none\"><path d=\"M6 6H4v2h2V6zm14 0H8v2h12V6zM4 11h2v2H4v-2zm16 0H8v2h12v-2zM4 16h2v2H4v-2zm16 0H8v2h12v-2z\" fill=\"currentColor\"><\/path><\/svg><svg style=\"fill: #545454;color:#545454\" class=\"arrow-unsorted-368013\" xmlns=\"http:\/\/www.w3.org\/2000\/svg\" width=\"10px\" height=\"10px\" viewBox=\"0 0 24 24\" version=\"1.2\" baseProfile=\"tiny\"><path d=\"M18.2 9.3l-6.2-6.3-6.2 6.3c-.2.2-.3.4-.3.7s.1.5.3.7c.2.2.4.3.7.3h11c.3 0 .5-.1.7-.3.2-.2.3-.5.3-.7s-.1-.5-.3-.7zM5.8 14.7l6.2 6.3 6.2-6.3c.2-.2.3-.5.3-.7s-.1-.5-.3-.7c-.2-.2-.4-.3-.7-.3h-11c-.3 0-.5.1-.7.3-.2.2-.3.5-.3.7s.1.5.3.7z\"\/><\/svg><\/span><\/span><\/span><\/a><\/span><\/div>\n<nav><ul class='ez-toc-list ez-toc-list-level-1 ' ><li class='ez-toc-page-1 ez-toc-heading-level-2'><a class=\"ez-toc-link ez-toc-heading-1\" href=\"https:\/\/www.chantier-mag.com\/blog\/quand-lelectricite-est-elle-apparue-dans-les-foyers-francais\/#Lelectricite-dans-les-foyers-un-voyage-a-travers-lhistoire\" >L\u2019\u00e9lectricit\u00e9 dans les foyers : un voyage \u00e0 travers l\u2019histoire<\/a><\/li><li class='ez-toc-page-1 ez-toc-heading-level-2'><a class=\"ez-toc-link ez-toc-heading-2\" href=\"https:\/\/www.chantier-mag.com\/blog\/quand-lelectricite-est-elle-apparue-dans-les-foyers-francais\/#Les-debuts-de-lelectrification-en-France-1880-1900\" >Les d\u00e9buts de l\u2019\u00e9lectrification en France (1880-1900)<\/a><\/li><li class='ez-toc-page-1 ez-toc-heading-level-2'><a class=\"ez-toc-link ez-toc-heading-3\" href=\"https:\/\/www.chantier-mag.com\/blog\/quand-lelectricite-est-elle-apparue-dans-les-foyers-francais\/#Le-role-de-la-Compagnie-Parisienne-de-Distribution-dElectricite\" >Le r\u00f4le de la Compagnie Parisienne de Distribution d\u2019\u00c9lectricit\u00e9<\/a><\/li><li class='ez-toc-page-1 ez-toc-heading-level-2'><a class=\"ez-toc-link ez-toc-heading-4\" href=\"https:\/\/www.chantier-mag.com\/blog\/quand-lelectricite-est-elle-apparue-dans-les-foyers-francais\/#Les-defis-et-lelectrification-rurale-1920-1938\" >Les d\u00e9fis et l\u2019\u00e9lectrification rurale (1920-1938)<\/a><\/li><li class='ez-toc-page-1 ez-toc-heading-level-2'><a class=\"ez-toc-link ez-toc-heading-5\" href=\"https:\/\/www.chantier-mag.com\/blog\/quand-lelectricite-est-elle-apparue-dans-les-foyers-francais\/#Les-innovations-des-annees-1946-1970\" >Les innovations des ann\u00e9es 1946-1970<\/a><\/li><li class='ez-toc-page-1 ez-toc-heading-level-2'><a class=\"ez-toc-link ez-toc-heading-6\" href=\"https:\/\/www.chantier-mag.com\/blog\/quand-lelectricite-est-elle-apparue-dans-les-foyers-francais\/#Electrification-des-zones-isolees\" >\u00c9lectrification des zones isol\u00e9es<\/a><\/li><li class='ez-toc-page-1 ez-toc-heading-level-2'><a class=\"ez-toc-link ez-toc-heading-7\" href=\"https:\/\/www.chantier-mag.com\/blog\/quand-lelectricite-est-elle-apparue-dans-les-foyers-francais\/#Evolution-des-usages-de-lelectricite-dans-les-foyers\" >\u00c9volution des usages de l\u2019\u00e9lectricit\u00e9 dans les foyers<\/a><\/li><li class='ez-toc-page-1 ez-toc-heading-level-2'><a class=\"ez-toc-link ez-toc-heading-8\" href=\"https:\/\/www.chantier-mag.com\/blog\/quand-lelectricite-est-elle-apparue-dans-les-foyers-francais\/#Les-etapes-marquantes-de-lelectrification-des-foyers-francais\" >Les \u00e9tapes marquantes de l&rsquo;\u00e9lectrification des foyers fran\u00e7ais<\/a><\/li><li class='ez-toc-page-1 ez-toc-heading-level-2'><a class=\"ez-toc-link ez-toc-heading-9\" href=\"https:\/\/www.chantier-mag.com\/blog\/quand-lelectricite-est-elle-apparue-dans-les-foyers-francais\/#Lapparition-de-lelectricite-dans-les-foyers-francais\" >L&rsquo;apparition de l&rsquo;\u00e9lectricit\u00e9 dans les foyers fran\u00e7ais<\/a><\/li><\/ul><\/nav><\/div>\n<h2 class=\"wp-block-heading\"><span class=\"ez-toc-section\" id=\"Lelectricite-dans-les-foyers-un-voyage-a-travers-lhistoire\"><\/span>L\u2019\u00e9lectricit\u00e9 dans les foyers : un voyage \u00e0 travers l\u2019histoire<span class=\"ez-toc-section-end\"><\/span><\/h2>\n\n<p>L\u2019arriv\u00e9e de <strong>l\u2019\u00e9lectricit\u00e9<\/strong> dans les foyers fran\u00e7ais a v\u00e9ritablement chang\u00e9 le quotidien. Cela a \u00e9t\u00e9 un tournant majeur qui a propuls\u00e9 la France dans l\u2019\u00e8re moderne. Cette <strong>r\u00e9volution \u00e9nerg\u00e9tique<\/strong>, qui s\u2019est construite au fil des d\u00e9cennies, a marqu\u00e9 les <strong>villes<\/strong> et <strong>camps<\/strong> fran\u00e7ais, influen\u00e7ant leurs \u00e9conomies et transformant les habitudes de vie.<\/p>\n\n<h2 class=\"wp-block-heading\"><span class=\"ez-toc-section\" id=\"Les-debuts-de-lelectrification-en-France-1880-1900\"><\/span>Les d\u00e9buts de l\u2019\u00e9lectrification en France (1880-1900)<span class=\"ez-toc-section-end\"><\/span><\/h2>\n\n<p>\u00c0 la fin du XIXe si\u00e8cle, les premi\u00e8res exp\u00e9rimentations d\u2019\u00e9clairage \u00e9lectrique ont commenc\u00e9 \u00e0 \u00e9merger. L\u2019Exposition Internationale d\u2019\u00c9lectricit\u00e9 \u00e0 Paris en 1881 a \u00e9t\u00e9 un v\u00e9ritable point de d\u00e9part, puisque c\u2019\u00e9tait la premi\u00e8re fois que le grand public pouvait d\u00e9couvrir <strong>l\u2019\u00e9clairage \u00e9lectrique<\/strong> \u00e0 grande \u00e9chelle. Imaginez l\u2019\u00e9merveillement des visiteurs, repoussant les anciens <strong>r\u00e9verb\u00e8res \u00e0 gaz<\/strong> !<\/p>\n\n<p>Cependant, cette adoption n\u2019\u00e9tait pas sans d\u00e9fis. Les premi\u00e8res installations \u00e9taient co\u00fbteuses et principalement r\u00e9serv\u00e9es aux classes ais\u00e9es. Les compagnies gazi\u00e8res, inquiets de perdre leur monopole, ont d\u00e9ploy\u00e9 des efforts cons\u00e9quents pour d\u00e9fendre leurs int\u00e9r\u00eats. Cette guerre silencieuse entre l\u2019\u00e9lectricit\u00e9 et le gaz a clos le chapitre initial de l\u2019histoire de l\u2019\u00e9lectricit\u00e9 dans les foyers.<\/p>\n\n<h2 class=\"wp-block-heading\"><span class=\"ez-toc-section\" id=\"Le-role-de-la-Compagnie-Parisienne-de-Distribution-dElectricite\"><\/span>Le r\u00f4le de la Compagnie Parisienne de Distribution d\u2019\u00c9lectricit\u00e9<span class=\"ez-toc-section-end\"><\/span><\/h2>\n\n<p>Avec la cr\u00e9ation de la <strong>Compagnie Parisienne de Distribution d\u2019\u00c9lectricit\u00e9<\/strong> en 1887, le r\u00e9seau \u00e9lectrique urbain a v\u00e9ritablement pris son essor. En 1889, le premier r\u00e9seau \u00e9lectrique coh\u00e9rent \u00e0 Paris a vu le jour, posant les bases de ce que nous connaissons aujourd\u2019hui.<\/p>\n\n<p>Les c\u00e9l\u00e8bres <strong>grands boulevards haussmanniens<\/strong> de Paris ont \u00e9t\u00e9 des pionniers de cette couronne d\u2019\u00e9clairage. Effectivement, ces lampadaires \u00e9lectriques ont m\u00e9tamorphos\u00e9 la vie nocturne de la capitale, permettant aux caf\u00e9s, th\u00e9\u00e2tres, et commerces de prolonger leurs heures d\u2019ouverture. Quel spectacle majestueux cela devait \u00eatre ! \ud83c\udfad<\/p>\n\n<h2 class=\"wp-block-heading\"><span class=\"ez-toc-section\" id=\"Les-defis-et-lelectrification-rurale-1920-1938\"><\/span>Les d\u00e9fis et l\u2019\u00e9lectrification rurale (1920-1938)<span class=\"ez-toc-section-end\"><\/span><\/h2>\n\n<p>Malgr\u00e9 ces avanc\u00e9es, les zones rurales restaient souvent dans l\u2019ombre. Dans les ann\u00e9es 1920, l\u2019\u00c9tat a d\u00e9cid\u00e9 d\u2019\u00e9tendre l\u2019\u00e9lectrification aux campagnes. C\u2019\u00e9tait un enjeu majeur pour le d\u00e9veloppement \u00e9galitaire des r\u00e9gions. En 1936, le <strong>Fonds d\u2019Amortissement des Charges d\u2019\u00c9lectrification (FAC\u00c9)<\/strong> a \u00e9t\u00e9 cr\u00e9\u00e9, permettant de financer les installations n\u00e9cessaires au raccordement de nombreuses communes rurales.<\/p>\n\n<p>Des solutions techniques innovantes ont \u00e9t\u00e9 mises en place, comme des transformateurs adapt\u00e9s aux groupes de fermes isol\u00e9es et des compteurs simplifi\u00e9s pour les zones peu denses. Ce d\u00e9placement vers les quartiers plus \u00e9loign\u00e9s a v\u00e9ritablement renforc\u00e9 le sentiment d\u2019unit\u00e9 nationale.<\/p>\n\n<h2 class=\"wp-block-heading\"><span class=\"ez-toc-section\" id=\"Les-innovations-des-annees-1946-1970\"><\/span>Les innovations des ann\u00e9es 1946-1970<span class=\"ez-toc-section-end\"><\/span><\/h2>\n\n<p>Apr\u00e8s la guerre, la <strong>nationalisation<\/strong> de l\u2019industrie \u00e9lectrique a conduit \u00e0 la cr\u00e9ation d\u2019<strong>\u00c9lectricit\u00e9 de France (EDF)<\/strong>, un op\u00e9rateur unique qui a rationalis\u00e9 et unifi\u00e9 les syst\u00e8mes. Cela a permis une <strong>am\u00e9lioration significative<\/strong> des infrastructures existantes. L\u2019adoption d\u2019un plan de tension unique a \u00e9galement modernis\u00e9 l\u2019alimentation \u00e9lectrique \u00e0 travers tout le pays.<\/p>\n\n<h2 class=\"wp-block-heading\"><span class=\"ez-toc-section\" id=\"Electrification-des-zones-isolees\"><\/span>\u00c9lectrification des zones isol\u00e9es<span class=\"ez-toc-section-end\"><\/span><\/h2>\n\n<p>Aujourd\u2019hui, malgr\u00e9 ces nombreux progr\u00e8s, EDF a continu\u00e9 \u00e0 \u0153uvrer pour \u00e9lectrifier les derniers hameaux et \u00e9carts. Le recours \u00e0 des groupes \u00e9lectrog\u00e8nes autonomes et de micro-r\u00e9seaux a permis d\u2019apporter l\u2019\u00e9lectricit\u00e9 \u00e0 des zones encore non raccord\u00e9es. Cela a \u00e9t\u00e9 essentiel pour garantir un acc\u00e8s \u00e9quitable \u00e0 cette ressource pour chaque citoyen.<\/p>\n\n<h2 class=\"wp-block-heading\"><span class=\"ez-toc-section\" id=\"Evolution-des-usages-de-lelectricite-dans-les-foyers\"><\/span>\u00c9volution des usages de l\u2019\u00e9lectricit\u00e9 dans les foyers<span class=\"ez-toc-section-end\"><\/span><\/h2>\n\n<p>Au fil du temps, l\u2019\u00e9lectricit\u00e9 a \u00e9volu\u00e9 de l\u2019\u00e9clairage \u00e0 un outil indispensable dans nos maisons. Les premi\u00e8res ampoules ont supplant\u00e9 les lampes \u00e0 p\u00e9trole et de nouveaux appareils \u00e9lectriques tels que les fers \u00e0 repasser ont vu le jour, rendant le quotidien plus simple et plus confortable. Que de souvenirs li\u00e9s \u00e0 ces premi\u00e8res exp\u00e9riences!<\/p>\n\n<p>Pour aller plus loin, vous pouvez explorer des articles passionnants tels que <a href=\"https:\/\/www.chantier-mag.com\/blog\/electricite-dans-les-parties-communes-repartition-et-gestion-des-couts\">la r\u00e9partition et la gestion des co\u00fbts de l&rsquo;\u00e9lectricit\u00e9<\/a> ou encore <a href=\"https:\/\/www.chantier-mag.com\/blog\/aluminium-et-electricite-pourquoi-ce-materiau-pose-t-il-probleme\">les d\u00e9fis li\u00e9s \u00e0 l\u2019utilisation de l\u2019aluminium dans les installations \u00e9lectriques<\/a>.<\/p>\n\n<h2 class=\"wp-block-heading\"><span class=\"ez-toc-section\" id=\"Les-etapes-marquantes-de-lelectrification-des-foyers-francais\"><\/span>Les \u00e9tapes marquantes de l&rsquo;\u00e9lectrification des foyers fran\u00e7ais<span class=\"ez-toc-section-end\"><\/span><\/h2>\n\n<p>L&rsquo;\u00e9mergence de l&rsquo;\u00e9lectricit\u00e9 dans les foyers fran\u00e7ais a constitu\u00e9 une v\u00e9ritable r\u00e9volution, transformant en profondeur les modes de vie des citoyens. D\u00e8s la fin du XIXe si\u00e8cle, la d\u00e9couverte et l&rsquo;exp\u00e9rimentation de l&rsquo;\u00e9lectricit\u00e9 ont commenc\u00e9 \u00e0 faire \u00e9cho dans les villes. Des expositions comme celle de 1881 \u00e0 Paris ont permis de montrer au public les innovations en mati\u00e8re d&rsquo;\u00e9clairage \u00e9lectrique. Mais cette transformation n\u2019a pas \u00e9t\u00e9 imm\u00e9diate. L&rsquo;acc\u00e8s \u00e0 l&rsquo;\u00e9lectricit\u00e9 \u00e9tait principalement r\u00e9serv\u00e9 aux classes privil\u00e9gi\u00e9es, rendant son adoption lente et laborieuse.<\/p>\n\n<p>Avec l\u2019apparition de la Compagnie Parisienne de Distribution d\u2019\u00c9lectricit\u00e9 en 1887, l&rsquo;infrastructure \u00e9lectrique a commenc\u00e9 \u00e0 se d\u00e9velopper plus largement. Les premiers r\u00e9seaux ont \u00e9t\u00e9 mis en place, notamment dans les grands boulevards de la capitale, apportant un \u00e9clairage nouveau et de la s\u00e9curit\u00e9. L&rsquo;\u00e9lectricit\u00e9 a ainsi commenc\u00e9 \u00e0 illuminer non seulement les espaces publics, mais aussi \u00e0 p\u00e9n\u00e9trer les foyers, offrant des possibilit\u00e9s jusque-l\u00e0 impensables.<\/p>\n\n<p>Au cours des ann\u00e9es 1920, l&rsquo;\u00c9tat fran\u00e7ais a pris conscience de la n\u00e9cessit\u00e9 d&rsquo;\u00e9tendre l\u2019\u00e9lectricit\u00e9 aux zones rurales, consid\u00e9rant que cela faisait partie int\u00e9grante du progr\u00e8s. Le lancement de programmes tels que le Fonds d&rsquo;Amortissement des Charges d&rsquo;\u00c9lectrification a permis d&rsquo;individualiser cette d\u00e9marche et d&rsquo;assurer que m\u00eame les r\u00e9gions les plus recul\u00e9es puissent se connecter au r\u00e9seau \u00e9lectrique.<\/p>\n\n<p>Enfin, la nationalisation du secteur en 1946 avec la cr\u00e9ation de l&rsquo;\u00c9lectricit\u00e9 de France a marqu\u00e9 le d\u00e9but d&rsquo;une \u00e9lectrification homog\u00e8ne \u00e0 l&rsquo;\u00e9chelle nationale. L&rsquo;uniformisation du r\u00e9seau a fait en sorte que chaque citoyen, qu&rsquo;il vive en ville ou \u00e0 la campagne, puisse b\u00e9n\u00e9ficier des avantages de cette \u00e9nergie. Ainsi, l\u2019\u00e9lectricit\u00e9 a progressivement \u00e9volu\u00e9 d&rsquo;un luxe \u00e0 un \u00e9l\u00e9ment essentiel du quotidien, red\u00e9finissant les besoins et les attentes des Fran\u00e7ais envers leur environnement.<\/p>\n\n<h2 class=\"wp-block-heading\"><span class=\"ez-toc-section\" id=\"Lapparition-de-lelectricite-dans-les-foyers-francais\"><\/span>L&rsquo;apparition de l&rsquo;\u00e9lectricit\u00e9 dans les foyers fran\u00e7ais<span class=\"ez-toc-section-end\"><\/span><\/h2>\n\n<figure class=\"wp-block-table\"><table>\n<tr>\n<th><strong>\u00c9v\u00e9nements Cl\u00e9s<\/strong><\/th>\n<th><strong>Date &amp; Impact<\/strong><\/th>\n<\/tr>\n<tr>\n<td><strong>D\u00e9couverte de la conduction \u00e9lectrique<\/strong><\/td>\n<td>1729 &#8211; Premiers travaux scientifiques qui jettent les bases de l&rsquo;\u00e9lectricit\u00e9.<\/td>\n<\/tr>\n<tr>\n<td><strong>Invention de la pile<\/strong><\/td>\n<td>1800 &#8211; Alessandro Volta cr\u00e9e la premi\u00e8re pile \u00e9lectrique, rendant l&rsquo;\u00e9lectricit\u00e9 plus accessible.<\/td>\n<\/tr>\n<tr>\n<td><strong>D\u00e9monstration publique de l&rsquo;\u00e9lectricit\u00e9<\/strong><\/td>\n<td>1881 &#8211; Exposition \u00e0 Paris o\u00f9 l&rsquo;\u00e9clairage \u00e9lectrique fascine le public.<\/td>\n<\/tr>\n<tr>\n<td><strong>Cr\u00e9ation de la CPDE<\/strong><\/td>\n<td>1887 &#8211; Lancement de l&rsquo;\u00e9lectrification des villes avec un r\u00e9seau de distribution.<\/td>\n<\/tr>\n<tr>\n<td><strong>Standardisation de la tension<\/strong><\/td>\n<td>1946 &#8211; EDF \u00e9tablit un plan de tension unique pour l&rsquo;ensemble du territoire.<\/td>\n<\/tr>\n<tr>\n<td><strong>\u00c9lectrification des zones rurales<\/strong><\/td>\n<td>1920-1938 &#8211; Initiatives pour connecter les campagnes au r\u00e9seau \u00e9lectrique.<\/td>\n<\/tr>\n<tr>\n<td><strong>Loi de nationalisation<\/strong><\/td>\n<td>1946 &#8211; Cr\u00e9ation d&rsquo;EDF, assurant l&rsquo;acc\u00e8s \u00e9quitable \u00e0 l&rsquo;\u00e9lectricit\u00e9.<\/td>\n<\/tr>\n<\/table><\/figure>\n\n","protected":false},"excerpt":{"rendered":"<p>Au XIXe si\u00e8cle, l\u2019\u00e9lectricit\u00e9 commence \u00e0 p\u00e9n\u00e9trer les foyers fran\u00e7ais, transformant peu \u00e0 peu le quotidien des citoyens. Les premi\u00e8res [&hellip;]<\/p>\n","protected":false},"author":7,"featured_media":0,"comment_status":"open","ping_status":"close","sticky":false,"template":"","format":"standard","meta":{"site-sidebar-layout":"default","site-content-layout":"","ast-site-content-layout":"default","site-content-style":"default","site-sidebar-style":"default","ast-global-header-display":"","ast-banner-title-visibility":"","ast-main-header-display":"","ast-hfb-above-header-display":"","ast-hfb-below-header-display":"","ast-hfb-mobile-header-display":"","site-post-title":"","ast-breadcrumbs-content":"","ast-featured-img":"","footer-sml-layout":"","ast-disable-related-posts":"","theme-transparent-header-meta":"","adv-header-id-meta":"","stick-header-meta":"","header-above-stick-meta":"","header-main-stick-meta":"","header-below-stick-meta":"","astra-migrate-meta-layouts":"default","ast-page-background-enabled":"default","ast-page-background-meta":{"desktop":{"background-color":"var(--ast-global-color-4)","background-image":"","background-repeat":"repeat","background-position":"center center","background-size":"auto","background-attachment":"scroll","background-type":"","background-media":"","overlay-type":"","overlay-color":"","overlay-opacity":"","overlay-gradient":""},"tablet":{"background-color":"","background-image":"","background-repeat":"repeat","background-position":"center center","background-size":"auto","background-attachment":"scroll","background-type":"","background-media":"","overlay-type":"","overlay-color":"","overlay-opacity":"","overlay-gradient":""},"mobile":{"background-color":"","background-image":"","background-repeat":"repeat","background-position":"center center","background-size":"auto","background-attachment":"scroll","background-type":"","background-media":"","overlay-type":"","overlay-color":"","overlay-opacity":"","overlay-gradient":""}},"ast-content-background-meta":{"desktop":{"background-color":"var(--ast-global-color-5)","background-image":"","background-repeat":"repeat","background-position":"center center","background-size":"auto","background-attachment":"scroll","background-type":"","background-media":"","overlay-type":"","overlay-color":"","overlay-opacity":"","overlay-gradient":""},"tablet":{"background-color":"var(--ast-global-color-5)","background-image":"","background-repeat":"repeat","background-position":"center center","background-size":"auto","background-attachment":"scroll","background-type":"","background-media":"","overlay-type":"","overlay-color":"","overlay-opacity":"","overlay-gradient":""},"mobile":{"background-color":"var(--ast-global-color-5)","background-image":"","background-repeat":"repeat","background-position":"center center","background-size":"auto","background-attachment":"scroll","background-type":"","background-media":"","overlay-type":"","overlay-color":"","overlay-opacity":"","overlay-gradient":""}},"footnotes":""},"categories":[1537],"tags":[],"class_list":["post-6474","post","type-post","status-publish","format-standard","hentry","category-energie-puissance"],"_links":{"self":[{"href":"https:\/\/www.chantier-mag.com\/blog\/wp-json\/wp\/v2\/posts\/6474","targetHints":{"allow":["GET"]}}],"collection":[{"href":"https:\/\/www.chantier-mag.com\/blog\/wp-json\/wp\/v2\/posts"}],"about":[{"href":"https:\/\/www.chantier-mag.com\/blog\/wp-json\/wp\/v2\/types\/post"}],"author":[{"embeddable":true,"href":"https:\/\/www.chantier-mag.com\/blog\/wp-json\/wp\/v2\/users\/7"}],"replies":[{"embeddable":true,"href":"https:\/\/www.chantier-mag.com\/blog\/wp-json\/wp\/v2\/comments?post=6474"}],"version-history":[{"count":0,"href":"https:\/\/www.chantier-mag.com\/blog\/wp-json\/wp\/v2\/posts\/6474\/revisions"}],"wp:attachment":[{"href":"https:\/\/www.chantier-mag.com\/blog\/wp-json\/wp\/v2\/media?parent=6474"}],"wp:term":[{"taxonomy":"category","embeddable":true,"href":"https:\/\/www.chantier-mag.com\/blog\/wp-json\/wp\/v2\/categories?post=6474"},{"taxonomy":"post_tag","embeddable":true,"href":"https:\/\/www.chantier-mag.com\/blog\/wp-json\/wp\/v2\/tags?post=6474"}],"curies":[{"name":"wp","href":"https:\/\/api.w.org\/{rel}","templated":true}]}}