{"id":6486,"date":"2025-12-31T12:04:03","date_gmt":"2025-12-31T06:34:03","guid":{"rendered":"https:\/\/www.chantier-mag.com\/blog\/combien-de-temps-faut-il-conserver-ses-factures-delectricite"},"modified":"2025-12-31T12:04:03","modified_gmt":"2025-12-31T06:34:03","slug":"combien-de-temps-faut-il-conserver-ses-factures-delectricite","status":"publish","type":"post","link":"https:\/\/www.chantier-mag.com\/blog\/combien-de-temps-faut-il-conserver-ses-factures-delectricite","title":{"rendered":"Combien de temps faut-il conserver ses factures d&rsquo;\u00e9lectricit\u00e9 ?"},"content":{"rendered":"<p>Conserver ses <strong>factures d&rsquo;\u00e9lectricit\u00e9<\/strong> est une pratique indispensable pour g\u00e9rer ses finances et \u00e9viter d&rsquo;\u00e9ventuels litiges. La loi impose une dur\u00e9e de <strong>conservation de cinq ans<\/strong> pour ces documents, qu&rsquo;il s&rsquo;agisse de factures de r\u00e9gularisation ou de cl\u00f4ture. Garder les <strong>factures<\/strong> permet non seulement de justifier ses paiements en cas de contestation, mais aussi d&rsquo;analyser sa <strong>consommation \u00e9nerg\u00e9tique<\/strong> au fil du temps. En tant que professionnel dans le domaine des installations \u00e9lectriques, je comprends l&rsquo;importance de ces documents et des d\u00e9fis que leur gestion peut repr\u00e9senter. Assurer une bonne <strong>archivage<\/strong> est donc essentiel pour naviguer sereinement dans les d\u00e9marches administratives li\u00e9es aux services \u00e9nerg\u00e9tiques.<\/p>\n\n<figure class=\"is-provider-youtube is-type-video wp-block-embed wp-block-embed-youtube wp-embed-aspect-16-9 wp-has-aspect-ratio\"><div class=\"wp-block-embed__wrapper\">\n<iframe title=\"5 astuces pour \u00e9conomiser de l\u2019\u00e9lectricit\u00e9 \ud83d\udca1#Immobilier #astuces #Electricit\u00e9 #logement\" width=\"500\" height=\"281\" src=\"https:\/\/www.youtube.com\/embed\/by1TYchZUeg?feature=oembed\" frameborder=\"0\" allow=\"accelerometer; autoplay; clipboard-write; encrypted-media; gyroscope; picture-in-picture; web-share\" referrerpolicy=\"strict-origin-when-cross-origin\" allowfullscreen><\/iframe>\n<\/div><\/figure>\n\n<div id=\"ez-toc-container\" class=\"ez-toc-v2_0_82_2 counter-hierarchy ez-toc-counter ez-toc-custom ez-toc-container-direction\">\n<div class=\"ez-toc-title-container\">\n<div class=\"ez-toc-title ez-toc-toggle\" style=\"cursor:pointer\">Sommaire : <\/div>\n<span class=\"ez-toc-title-toggle\"><a href=\"#\" class=\"ez-toc-pull-right ez-toc-btn ez-toc-btn-xs ez-toc-btn-default ez-toc-toggle\" aria-label=\"Toggle Table of Content\"><span class=\"ez-toc-js-icon-con\"><span class=\"\"><span class=\"eztoc-hide\" style=\"display:none;\">Toggle<\/span><span class=\"ez-toc-icon-toggle-span\"><svg style=\"fill: #545454;color:#545454\" xmlns=\"http:\/\/www.w3.org\/2000\/svg\" class=\"list-377408\" width=\"20px\" height=\"20px\" viewBox=\"0 0 24 24\" fill=\"none\"><path d=\"M6 6H4v2h2V6zm14 0H8v2h12V6zM4 11h2v2H4v-2zm16 0H8v2h12v-2zM4 16h2v2H4v-2zm16 0H8v2h12v-2z\" fill=\"currentColor\"><\/path><\/svg><svg style=\"fill: #545454;color:#545454\" class=\"arrow-unsorted-368013\" xmlns=\"http:\/\/www.w3.org\/2000\/svg\" width=\"10px\" height=\"10px\" viewBox=\"0 0 24 24\" version=\"1.2\" baseProfile=\"tiny\"><path d=\"M18.2 9.3l-6.2-6.3-6.2 6.3c-.2.2-.3.4-.3.7s.1.5.3.7c.2.2.4.3.7.3h11c.3 0 .5-.1.7-.3.2-.2.3-.5.3-.7s-.1-.5-.3-.7zM5.8 14.7l6.2 6.3 6.2-6.3c.2-.2.3-.5.3-.7s-.1-.5-.3-.7c-.2-.2-.4-.3-.7-.3h-11c-.3 0-.5.1-.7.3-.2.2-.3.5-.3.7s.1.5.3.7z\"\/><\/svg><\/span><\/span><\/span><\/a><\/span><\/div>\n<nav><ul class='ez-toc-list ez-toc-list-level-1 ' ><li class='ez-toc-page-1 ez-toc-heading-level-2'><a class=\"ez-toc-link ez-toc-heading-1\" href=\"https:\/\/www.chantier-mag.com\/blog\/combien-de-temps-faut-il-conserver-ses-factures-delectricite\/#Pourquoi-il-est-important-de-conserver-vos-factures-delectricite\" >Pourquoi il est important de conserver vos factures d&rsquo;\u00e9lectricit\u00e9<\/a><\/li><li class='ez-toc-page-1 ez-toc-heading-level-2'><a class=\"ez-toc-link ez-toc-heading-2\" href=\"https:\/\/www.chantier-mag.com\/blog\/combien-de-temps-faut-il-conserver-ses-factures-delectricite\/#Les-Enjeux-de-la-conservation\" >Les Enjeux de la conservation<\/a><\/li><li class='ez-toc-page-1 ez-toc-heading-level-2'><a class=\"ez-toc-link ez-toc-heading-3\" href=\"https:\/\/www.chantier-mag.com\/blog\/combien-de-temps-faut-il-conserver-ses-factures-delectricite\/#Duree-de-conservation-des-factures-delectricite\" >Dur\u00e9e de conservation des factures d&rsquo;\u00e9lectricit\u00e9<\/a><\/li><li class='ez-toc-page-1 ez-toc-heading-level-2'><a class=\"ez-toc-link ez-toc-heading-4\" href=\"https:\/\/www.chantier-mag.com\/blog\/combien-de-temps-faut-il-conserver-ses-factures-delectricite\/#Comment-contester-une-facture-EDF-ou-Engie\" >Comment contester une facture EDF ou Engie ?<\/a><\/li><li class='ez-toc-page-1 ez-toc-heading-level-2'><a class=\"ez-toc-link ez-toc-heading-5\" href=\"https:\/\/www.chantier-mag.com\/blog\/combien-de-temps-faut-il-conserver-ses-factures-delectricite\/#Conservation-des-factures-conseils-pratiques\" >Conservation des factures : conseils pratiques<\/a><\/li><li class='ez-toc-page-1 ez-toc-heading-level-2'><a class=\"ez-toc-link ez-toc-heading-6\" href=\"https:\/\/www.chantier-mag.com\/blog\/combien-de-temps-faut-il-conserver-ses-factures-delectricite\/#Impact-des-demenagements-sur-la-conservation\" >Impact des d\u00e9m\u00e9nagements sur la conservation<\/a><\/li><li class='ez-toc-page-1 ez-toc-heading-level-2'><a class=\"ez-toc-link ez-toc-heading-7\" href=\"https:\/\/www.chantier-mag.com\/blog\/combien-de-temps-faut-il-conserver-ses-factures-delectricite\/#Les-enjeux-fiscaux-de-la-conservation-des-factures\" >Les enjeux fiscaux de la conservation des factures<\/a><\/li><li class='ez-toc-page-1 ez-toc-heading-level-2'><a class=\"ez-toc-link ez-toc-heading-8\" href=\"https:\/\/www.chantier-mag.com\/blog\/combien-de-temps-faut-il-conserver-ses-factures-delectricite\/#Duree-de-conservation-des-factures-delectricite-Un-enjeu-crucial\" >Dur\u00e9e de conservation des factures d&rsquo;\u00e9lectricit\u00e9 : Un enjeu crucial<\/a><\/li><li class='ez-toc-page-1 ez-toc-heading-level-2'><a class=\"ez-toc-link ez-toc-heading-9\" href=\"https:\/\/www.chantier-mag.com\/blog\/combien-de-temps-faut-il-conserver-ses-factures-delectricite\/#Duree-de-conservation-des-factures-delectricite-2\" >Dur\u00e9e de conservation des factures d&rsquo;\u00e9lectricit\u00e9<\/a><\/li><\/ul><\/nav><\/div>\n<h2 class=\"wp-block-heading\"><span class=\"ez-toc-section\" id=\"Pourquoi-il-est-important-de-conserver-vos-factures-delectricite\"><\/span>Pourquoi il est important de conserver vos factures d&rsquo;\u00e9lectricit\u00e9<span class=\"ez-toc-section-end\"><\/span><\/h2>\n\n<p>La gestion des documents administratifs peut vite devenir un casse-t\u00eate. Entre les factures, les avis d&rsquo;imposition et d&rsquo;autres papiers, il est essentiel de savoir ce qu&rsquo;il faut archiver. Les factures d&rsquo;\u00e9lectricit\u00e9, par exemple, sont ind\u00e9niablement parmi les documents les plus importants \u00e0 conserver. Elles peuvent non seulement vous aider \u00e0 \u00e9viter des litiges avec votre fournisseur, mais elles servent \u00e9galement \u00e0 suivre votre consommation \u00e9nerg\u00e9tique d\u2019une ann\u00e9e sur l\u2019autre. <\/p>\n\n<h2 class=\"wp-block-heading\"><span class=\"ez-toc-section\" id=\"Les-Enjeux-de-la-conservation\"><\/span>Les Enjeux de la conservation<span class=\"ez-toc-section-end\"><\/span><\/h2>\n\n<p><strong>Preuve en cas de litige<\/strong>: Les factures d&rsquo;\u00e9lectricit\u00e9 sont des documents juridiques. En cas de contestation, elles justifient vos paiements et vous prot\u00e8gent.<\/p>\n\n<p><strong>Analyse de votre consommation<\/strong>: Avoir une trace de vos factures vous permet d&rsquo;analyser vos habitudes de consommation. Cela peut vous aider \u00e0 optimiser vos d\u00e9penses.<\/p>\n\n<p><strong>Droits en cas de r\u00e9clamation<\/strong>: Si votre fournisseur effectue une r\u00e9gularisation, ces factures vous prot\u00e8gent contre d&rsquo;\u00e9ventuelles erreurs de leur part.<\/p>\n\n<h2 class=\"wp-block-heading\"><span class=\"ez-toc-section\" id=\"Duree-de-conservation-des-factures-delectricite\"><\/span>Dur\u00e9e de conservation des factures d&rsquo;\u00e9lectricit\u00e9<span class=\"ez-toc-section-end\"><\/span><\/h2>\n\n<p>La loi pr\u00e9cise que vous devez conserver vos factures d&rsquo;\u00e9lectricit\u00e9 pendant <strong>CINQ ANS<\/strong> \u00e0 partir de leur date d&rsquo;\u00e9mission. Ce d\u00e9lai s&rsquo;applique aussi bien aux factures de r\u00e9gularisation qu&rsquo;aux factures de cl\u00f4ture, essentielles lors d\u2019un changement de logement ou de fournisseur.<\/p>\n\n<h2 class=\"wp-block-heading\"><span class=\"ez-toc-section\" id=\"Comment-contester-une-facture-EDF-ou-Engie\"><\/span>Comment contester une facture EDF ou Engie ?<span class=\"ez-toc-section-end\"><\/span><\/h2>\n\n<p>Si vous suspectez une erreur dans le montant de votre facture, voici les \u00e9tapes \u00e0 suivre pour la contester :<\/p>\n\n<p>\ud83d\udd0d <strong>V\u00e9rifiez le tarif<\/strong>: Contr\u00f4lez si une augmentation tarifaire a eu lieu r\u00e9cemment.<\/p>\n\n<p>\ud83d\udcde <strong>Contactez le service client<\/strong>: Facility de pr\u00e9senter toutes vos factures ant\u00e9rieures pour \u00e9tayer votre point de vue.<\/p>\n\n<p>\u2709\ufe0f <strong>Courrier recommand\u00e9<\/strong>: Si la r\u00e9ponse ne vous satisfait pas, envoyez un recommand\u00e9 avec toutes les preuves en votre possession.<\/p>\n\n<p>H\u00e2tez-vous, car les fournisseurs comme EDF ou Engie ont eux aussi des d\u00e9lais l\u00e9gaux pour traiter ces r\u00e9clamations !<\/p>\n\n<h2 class=\"wp-block-heading\"><span class=\"ez-toc-section\" id=\"Conservation-des-factures-conseils-pratiques\"><\/span>Conservation des factures : conseils pratiques<span class=\"ez-toc-section-end\"><\/span><\/h2>\n\n<p>Une bonne gestion de vos factures passe par des m\u00e9thodes de conservation efficaces :<\/p>\n\n<p>\ud83d\udcbb <strong>D\u00e9mat\u00e9rialisez vos factures<\/strong>: Elles sont plus faciles \u00e0 archiver et \u00e0 retrouver.<\/p>\n\n<p>\ud83d\udcc2 <strong>Classez-les chronologiquement<\/strong>: Cela facilitera leur recherche ult\u00e9rieure.<\/p>\n\n<p>\ud83d\uddc3\ufe0f <strong>Conservez les originaux<\/strong>: Les documents papier, s&rsquo;ils sont importants, doivent \u00eatre rang\u00e9s dans un endroit s\u00e9curis\u00e9.<\/p>\n\n<p>Une autre astuce ? Utilisez votre espace client en ligne pour retrouver rapidement vos factures d\u00e9mat\u00e9rialis\u00e9es. Pensez \u00e0 les t\u00e9l\u00e9charger r\u00e9guli\u00e8rement, car certaines plateformes ne les conservent que temporairement !<\/p>\n\n<h2 class=\"wp-block-heading\"><span class=\"ez-toc-section\" id=\"Impact-des-demenagements-sur-la-conservation\"><\/span>Impact des d\u00e9m\u00e9nagements sur la conservation<span class=\"ez-toc-section-end\"><\/span><\/h2>\n\n<p>Lorsque vous d\u00e9m\u00e9nagez, soyez attentifs \u00e0 ne pas jeter vos anciennes factures d&rsquo;\u00e9lectricit\u00e9. Voici quelques conseils cl\u00e9s :<\/p>\n\n<p>\ud83c\udfe0 <strong>Conservez les factures associ\u00e9es<\/strong>: Elles sont cruciales si vous switcher de fournisseur ou de logement.<\/p>\n\n<p>\ud83d\udcec <strong>Facture de cl\u00f4ture<\/strong>: Gardez ce document, car il prouve que toutes les sommes dues ont \u00e9t\u00e9 r\u00e9gularis\u00e9es.<\/p>\n\n<p>\ud83d\udcb3 <strong>Attention \u00e0 la s\u00e9curit\u00e9<\/strong>: D\u00e9truisez correctement les copies inutiles pour prot\u00e9ger vos donn\u00e9es personnelles.<\/p>\n\n<h2 class=\"wp-block-heading\"><span class=\"ez-toc-section\" id=\"Les-enjeux-fiscaux-de-la-conservation-des-factures\"><\/span>Les enjeux fiscaux de la conservation des factures<span class=\"ez-toc-section-end\"><\/span><\/h2>\n\n<p>Les factures peuvent avoir un impact direct sur vos d\u00e9clarations fiscales, surtout si vous \u00eates un professionnel travaillant depuis chez vous. Ne pas conserver ces documents peut vous emp\u00eacher de justifier certaines d\u00e9ductions importantes.<\/p>\n\n<p>Conservez vos factures d&rsquo;\u00e9lectricit\u00e9 est une \u00e9tape essentielle pour \u00e9viter des complications administratives et g\u00e9rer efficacement vos finances. Assurez-vous de respecter les d\u00e9lais et adoptez des m\u00e9thodes d&rsquo;archivage s\u00e9curis\u00e9es. Vous \u00e9viterez ainsi bien des soucis et profiterez d&rsquo;une gestion de votre consommation plus optimale.<\/p>\n\n<figure class=\"wp-block-image size-full\"><img fetchpriority=\"high\" decoding=\"async\" width=\"1200\" height=\"675\" src=\"https:\/\/www.chantier-mag.com\/blog\/wp-content\/uploads\/2025\/12\/duree-conservation-factures-electricite.jpg\" alt=\"d\u00e9couvrez la dur\u00e9e l\u00e9gale de conservation des factures d&#039;\u00e9lectricit\u00e9 et les bonnes pratiques pour g\u00e9rer vos documents importants en toute s\u00e9curit\u00e9.\" class=\"wp-image-6485\" srcset=\"https:\/\/www.chantier-mag.com\/blog\/wp-content\/uploads\/2025\/12\/duree-conservation-factures-electricite.jpg 1200w, https:\/\/www.chantier-mag.com\/blog\/wp-content\/uploads\/2025\/12\/duree-conservation-factures-electricite-768x432.jpg 768w\" sizes=\"(max-width: 1200px) 100vw, 1200px\" \/><\/figure>\n\n<h2 class=\"wp-block-heading\"><span class=\"ez-toc-section\" id=\"Duree-de-conservation-des-factures-delectricite-Un-enjeu-crucial\"><\/span>Dur\u00e9e de conservation des factures d&rsquo;\u00e9lectricit\u00e9 : Un enjeu crucial<span class=\"ez-toc-section-end\"><\/span><\/h2>\n\n<p>Conserver vos factures d&rsquo;\u00e9lectricit\u00e9 est essentiel pour maintenir une gestion claire et efficace de vos finances personnelles. Ces documents jouent un r\u00f4le de protection contre les litiges et vous aident \u00e0 garder une vue d&rsquo;ensemble sur vos habitudes de consommation. En effet, les factures vous permettent de v\u00e9rifier la r\u00e9gularit\u00e9 de vos paiements et d&rsquo;identifier des montants anormaux qui pourraient n\u00e9cessiter une r\u00e9clamation aupr\u00e8s de votre fournisseur.<\/p>\n\n<p>Selon la l\u00e9gislation en vigueur, la dur\u00e9e de conservation des factures d&rsquo;\u00e9lectricit\u00e9 est de cinq ans. Cela inclut non seulement les factures r\u00e9guli\u00e8res, mais aussi les factures de r\u00e9gularisation et de cl\u00f4ture qui sont g\u00e9n\u00e9r\u00e9es lors d&rsquo;un changement de fournisseur ou de d\u00e9m\u00e9nagement. Pendant cette p\u00e9riode, il est recommand\u00e9 de classer vos documents de mani\u00e8re ordonn\u00e9e, ce qui facilitera leur acc\u00e8s en cas de besoin. Les factures doivent \u00eatre conserv\u00e9es dans un endroit s\u00fbr, qu&rsquo;il s&rsquo;agisse de copies \u00e9lectroniques ou de documents physiques.<\/p>\n\n<p>Sachez qu&rsquo;il est possible que des situations impr\u00e9vues se pr\u00e9sentent. Une contestation de facture, par exemple, n\u00e9cessite souvent de pr\u00e9senter les anciennes factures comme preuve. Ainsi, sauvegarder ces documents peut vous \u00e9viter des d\u00e9sagr\u00e9ments importants. Les cons\u00e9quences de ne pas avoir ces justificatifs \u00e0 port\u00e9e de main peuvent \u00eatre p\u00e9nalisantes, surtout en cas de contestations prolong\u00e9es.<\/p>\n\n<p>Une bonne gestion de vos factures d&rsquo;\u00e9lectricit\u00e9 contribue \u00e9galement \u00e0 l&rsquo;optimisation de vos d\u00e9penses. En analysant vos donn\u00e9es de consommation sur plusieurs ann\u00e9es, vous pourrez mieux ajuster vos habitudes de consommation \u00e9lectrique, ce qui peut \u00e9galement se traduire par des \u00e9conomies sur votre budget. Rester organis\u00e9 et m\u00e9thodique dans l\u2019archivage de ces documents vous apportera une plus grande tranquillit\u00e9 d\u2019esprit et vous permettra de vous concentrer sur d&rsquo;autres aspects de votre vie quotidienne.<\/p>\n\n<h2 class=\"wp-block-heading\"><span class=\"ez-toc-section\" id=\"Duree-de-conservation-des-factures-delectricite-2\"><\/span>Dur\u00e9e de conservation des factures d&rsquo;\u00e9lectricit\u00e9<span class=\"ez-toc-section-end\"><\/span><\/h2>\n\n<figure class=\"wp-block-table\"><table>\n<tr>\n<th>Dossier<\/th>\n<th>Dur\u00e9e de conservation<\/th>\n<\/tr>\n<tr>\n<td>Factures d\u2019\u00e9lectricit\u00e9 ordinaire<\/td>\n<td>5 ans \u00e0 partir de la date d\u2019\u00e9mission<\/td>\n<\/tr>\n<tr>\n<td>Factures de r\u00e9gularisation<\/td>\n<td>5 ans \u00e0 partir de la date d\u2019\u00e9mission<\/td>\n<\/tr>\n<tr>\n<td>Facture de cl\u00f4ture<\/td>\n<td>5 ans apr\u00e8s le changement de fournisseur ou de logement<\/td>\n<\/tr>\n<tr>\n<td>Historique des litiges<\/td>\n<td>5 ans apr\u00e8s la r\u00e9solution du litige<\/td>\n<\/tr>\n<tr>\n<td>Relev\u00e9s de consommation<\/td>\n<td>5 ans pour un suivi efficace<\/td>\n<\/tr>\n<\/table><\/figure>\n\n","protected":false},"excerpt":{"rendered":"<p>Conserver ses factures d&rsquo;\u00e9lectricit\u00e9 est une pratique indispensable pour g\u00e9rer ses finances et \u00e9viter d&rsquo;\u00e9ventuels litiges. La loi impose une [&hellip;]<\/p>\n","protected":false},"author":7,"featured_media":6484,"comment_status":"open","ping_status":"close","sticky":false,"template":"","format":"standard","meta":{"site-sidebar-layout":"default","site-content-layout":"","ast-site-content-layout":"default","site-content-style":"default","site-sidebar-style":"default","ast-global-header-display":"","ast-banner-title-visibility":"","ast-main-header-display":"","ast-hfb-above-header-display":"","ast-hfb-below-header-display":"","ast-hfb-mobile-header-display":"","site-post-title":"","ast-breadcrumbs-content":"","ast-featured-img":"","footer-sml-layout":"","ast-disable-related-posts":"","theme-transparent-header-meta":"","adv-header-id-meta":"","stick-header-meta":"","header-above-stick-meta":"","header-main-stick-meta":"","header-below-stick-meta":"","astra-migrate-meta-layouts":"default","ast-page-background-enabled":"default","ast-page-background-meta":{"desktop":{"background-color":"var(--ast-global-color-4)","background-image":"","background-repeat":"repeat","background-position":"center center","background-size":"auto","background-attachment":"scroll","background-type":"","background-media":"","overlay-type":"","overlay-color":"","overlay-opacity":"","overlay-gradient":""},"tablet":{"background-color":"","background-image":"","background-repeat":"repeat","background-position":"center center","background-size":"auto","background-attachment":"scroll","background-type":"","background-media":"","overlay-type":"","overlay-color":"","overlay-opacity":"","overlay-gradient":""},"mobile":{"background-color":"","background-image":"","background-repeat":"repeat","background-position":"center center","background-size":"auto","background-attachment":"scroll","background-type":"","background-media":"","overlay-type":"","overlay-color":"","overlay-opacity":"","overlay-gradient":""}},"ast-content-background-meta":{"desktop":{"background-color":"var(--ast-global-color-5)","background-image":"","background-repeat":"repeat","background-position":"center center","background-size":"auto","background-attachment":"scroll","background-type":"","background-media":"","overlay-type":"","overlay-color":"","overlay-opacity":"","overlay-gradient":""},"tablet":{"background-color":"var(--ast-global-color-5)","background-image":"","background-repeat":"repeat","background-position":"center center","background-size":"auto","background-attachment":"scroll","background-type":"","background-media":"","overlay-type":"","overlay-color":"","overlay-opacity":"","overlay-gradient":""},"mobile":{"background-color":"var(--ast-global-color-5)","background-image":"","background-repeat":"repeat","background-position":"center center","background-size":"auto","background-attachment":"scroll","background-type":"","background-media":"","overlay-type":"","overlay-color":"","overlay-opacity":"","overlay-gradient":""}},"footnotes":""},"categories":[1537],"tags":[],"class_list":["post-6486","post","type-post","status-publish","format-standard","has-post-thumbnail","hentry","category-energie-puissance"],"_links":{"self":[{"href":"https:\/\/www.chantier-mag.com\/blog\/wp-json\/wp\/v2\/posts\/6486","targetHints":{"allow":["GET"]}}],"collection":[{"href":"https:\/\/www.chantier-mag.com\/blog\/wp-json\/wp\/v2\/posts"}],"about":[{"href":"https:\/\/www.chantier-mag.com\/blog\/wp-json\/wp\/v2\/types\/post"}],"author":[{"embeddable":true,"href":"https:\/\/www.chantier-mag.com\/blog\/wp-json\/wp\/v2\/users\/7"}],"replies":[{"embeddable":true,"href":"https:\/\/www.chantier-mag.com\/blog\/wp-json\/wp\/v2\/comments?post=6486"}],"version-history":[{"count":0,"href":"https:\/\/www.chantier-mag.com\/blog\/wp-json\/wp\/v2\/posts\/6486\/revisions"}],"wp:featuredmedia":[{"embeddable":true,"href":"https:\/\/www.chantier-mag.com\/blog\/wp-json\/wp\/v2\/media\/6484"}],"wp:attachment":[{"href":"https:\/\/www.chantier-mag.com\/blog\/wp-json\/wp\/v2\/media?parent=6486"}],"wp:term":[{"taxonomy":"category","embeddable":true,"href":"https:\/\/www.chantier-mag.com\/blog\/wp-json\/wp\/v2\/categories?post=6486"},{"taxonomy":"post_tag","embeddable":true,"href":"https:\/\/www.chantier-mag.com\/blog\/wp-json\/wp\/v2\/tags?post=6486"}],"curies":[{"name":"wp","href":"https:\/\/api.w.org\/{rel}","templated":true}]}}